{"id":4819,"date":"2026-09-02T18:11:03","date_gmt":"2026-09-03T00:11:03","guid":{"rendered":"https:\/\/queretaroviveconfamosos.com\/?p=4819"},"modified":"2026-09-02T18:25:39","modified_gmt":"2026-09-03T00:25:39","slug":"supervisa-gaspar-trueba-obra-de-accedo-a-puerta-de-enmedio","status":"publish","type":"post","link":"https:\/\/queretaroviveconfamosos.com\/?p=4819","title":{"rendered":"Supervisa Gaspar Trueba Obra de Accedo a Puerta de Enmedio"},"content":{"rendered":"\n<p class=\"wp-block-paragraph\"><br><br>\u25cf Se trata de un camino que por a\u00f1os fue angosto e inseguro.<br><br>Con el compromiso de escuchar primero a la gente y de cumplir la palabra comprometida, el Presidente Municipal de Col\u00f3n, Gaspar Trueba Moncada, supervis\u00f3 junto a vecinos y funcionarios la obra de rehabilitaci\u00f3n del camino de acceso a la comunidad de Puerta de Enmedio.<br><br>Durante el recorrido, el Alcalde destac\u00f3 que la obra ha transformado por completo una vialidad que por a\u00f1os fue angosta y peligrosa, y que hoy ya cuenta con banquetas donde las familias pueden caminar con seguridad. Se\u00f1al\u00f3 al respecto que al concluir la primera etapa, se arranc\u00f3 de inmediato la segunda para no detener los trabajos.<br><br>Gaspar Trueba subray\u00f3 que se trata de una obra 100% municipal, sin intervenci\u00f3n del estado ni de la federaci\u00f3n, lo que ha implicado un esfuerzo presupuestal importante para su administraci\u00f3n.<br><br>Vecinos y el comit\u00e9 de obra agradecieron al Presidente Municipal por hacer realidad una petici\u00f3n de muchos a\u00f1os que ninguna administraci\u00f3n hab\u00eda atendido. Trueba Moncada pidi\u00f3 a los habitantes seguir cuidando la obra y aprovechar el momento para se\u00f1alar cualquier inconformidad o ajuste necesario.<br><br>Destac\u00f3 que esta carretera no solo beneficiar\u00e1 a Puerta de Enmedio, sino tambi\u00e9n a comunidades de Zamorano y a usuarios de El Marqu\u00e9s que transitan por la zona, convirti\u00e9ndose en una vialidad clave para la conectividad regional.<br><br>El Secretario de Obras P\u00fablicas, Esteban S\u00e1nchez Aburto, inform\u00f3 que la segunda etapa de rehabilitaci\u00f3n del camino Puerta de Enmedio &#8211; El Zamorano se encuentra en su fase final, a la espera \u00fanicamente del tendido de asfalto, el cual fue reprogramado para esta semana debido a las recientes lluvias.<br><br>Detall\u00f3 que esta segunda etapa comprende trabajos t\u00e9cnicos como 342 m\u00b3 de base hidr\u00e1ulica, riego de impregnaci\u00f3n, carpeta de concreto asf\u00e1ltico, 380 metros lineales de guarnici\u00f3n, 411 metros cuadrados de banqueta, 10 m\u00b2 de losa maciza de concreto, 345 metros lineales de dentell\u00f3n, reacomodo del guarda ganado con perfiles de refuerzo PTR, colocaci\u00f3n de violetas y se\u00f1alamiento restrictivo de velocidad. Con ello, agreg\u00f3, se est\u00e1 cerrando conforme a lo planeado esta importante obra de conectividad para la zona.<br><br><br><br><br>.<br>@Municipio de Col\u00f3n <br>@gobiernodecolon<br>@turismo.colonqro<br>@Gaspar Trueba <br>@gaspartrueba <br>@gaspar.trueba <br>@Elena Arreguin <br>@elena_arreguin_ <br>@destacar<br>@compartir<br>@seguidores<br>@followers<br>@Al mill\u00f3n y m\u00e1s <br>@almillonymas<br>@Quer\u00e9taro Vive Con Famosos <br>@queretaroviveconfamosos<br><br>#Colon <br>#GasparTrueba<br>#QueretaroViveConFamosos<br>#AlMillonYMas<br>#Viral<br>#ViralTikTok <br>#Destacar<br>#Compartir<br>#Seguidores<br>#Followers<br>#EnVivo<br>#UltimasNoticias<br>#Mexico<br>#Queretaro<br><\/p>\n","protected":false},"excerpt":{"rendered":"<p>\u25cf Se trata de un camino que por a\u00f1os fue angosto e inseguro. Con el compromiso de escuchar primero a la gente y de cumplir<\/p>\n","protected":false},"author":1,"featured_media":4818,"comment_status":"open","ping_status":"open","sticky":false,"template":"","format":"standard","meta":{"footnotes":"","jetpack_publicize_message":"","jetpack_publicize_feature_enabled":true,"jetpack_social_post_already_shared":true,"jetpack_social_options":{"image_generator_settings":{"template":"highway","default_image_id":0,"font":"","enabled":false},"version":2},"jetpack_post_was_ever_published":false},"categories":[4,6,15],"tags":[],"class_list":["post-4819","post","type-post","status-publish","format-standard","has-post-thumbnail","hentry","category-colon","category-gaspar-trueba","category-municipios-de-queretaro"],"jetpack_publicize_connections":[],"jetpack_sharing_enabled":true,"jetpack_featured_media_url":"https:\/\/queretaroviveconfamosos.com\/wp-content\/uploads\/2026\/09\/IMG-20260902-WA0061-scaled.jpg","_links":{"self":[{"href":"https:\/\/queretaroviveconfamosos.com\/index.php?rest_route=\/wp\/v2\/posts\/4819","targetHints":{"allow":["GET"]}}],"collection":[{"href":"https:\/\/queretaroviveconfamosos.com\/index.php?rest_route=\/wp\/v2\/posts"}],"about":[{"href":"https:\/\/queretaroviveconfamosos.com\/index.php?rest_route=\/wp\/v2\/types\/post"}],"author":[{"embeddable":true,"href":"https:\/\/queretaroviveconfamosos.com\/index.php?rest_route=\/wp\/v2\/users\/1"}],"replies":[{"embeddable":true,"href":"https:\/\/queretaroviveconfamosos.com\/index.php?rest_route=%2Fwp%2Fv2%2Fcomments&post=4819"}],"version-history":[{"count":1,"href":"https:\/\/queretaroviveconfamosos.com\/index.php?rest_route=\/wp\/v2\/posts\/4819\/revisions"}],"predecessor-version":[{"id":4821,"href":"https:\/\/queretaroviveconfamosos.com\/index.php?rest_route=\/wp\/v2\/posts\/4819\/revisions\/4821"}],"wp:featuredmedia":[{"embeddable":true,"href":"https:\/\/queretaroviveconfamosos.com\/index.php?rest_route=\/wp\/v2\/media\/4818"}],"wp:attachment":[{"href":"https:\/\/queretaroviveconfamosos.com\/index.php?rest_route=%2Fwp%2Fv2%2Fmedia&parent=4819"}],"wp:term":[{"taxonomy":"category","embeddable":true,"href":"https:\/\/queretaroviveconfamosos.com\/index.php?rest_route=%2Fwp%2Fv2%2Fcategories&post=4819"},{"taxonomy":"post_tag","embeddable":true,"href":"https:\/\/queretaroviveconfamosos.com\/index.php?rest_route=%2Fwp%2Fv2%2Ftags&post=4819"}],"curies":[{"name":"wp","href":"https:\/\/api.w.org\/{rel}","templated":true}]}}