{"id":4817,"date":"2026-09-02T17:52:54","date_gmt":"2026-09-02T23:52:54","guid":{"rendered":"http:\/\/queretaroviveconfamosos.com\/?p=4817"},"modified":"2026-09-02T18:25:21","modified_gmt":"2026-09-03T00:25:21","slug":"reyli-barba-regresa-a-queretaro","status":"publish","type":"post","link":"https:\/\/queretaroviveconfamosos.com\/?p=4817","title":{"rendered":"Reyli Barba regresa a Quer\u00e9taro."},"content":{"rendered":"\n<p class=\"wp-block-paragraph\">El cantautor mexicano regresa a la ciudad de Quer\u00e9taro presentando su nuevo show \u00abA Caballo\u00bb donde dar\u00e1 un recorrido musical por sus grandes \u00e9xitos.<br><br>Este show ser\u00e1 un espect\u00e1culo a 360\u00b0 dentro de la plaza de toros, para as\u00ed su p\u00fablico pueda disfrutar de su concierto. <br><br>Adem\u00e1s desde las 15:00 hrs se tendr\u00e1n varias actividades como&nbsp; pabell\u00f3n gastron\u00f3mico, exposici\u00f3n de autos, foodtrunks y muchas m\u00e1s.<br><br>Los esperamos este viernes 20 de noviembre en la plaza de toros Provincia de Juriquilla. <br><br>Venta de boletos por el sistema de @superboletosmx <br>https:\/\/www.superboletos.com\/landing-evento\/os08CczkRONKMB7quP6u7w<br><br>.<br>@Reyli Barba<br>@reylibarbaoficial<br>@rbr.mx<br>@Provincia Juriquilla Eventos <br>@pjuriquillaeventos<br>@ETAM TAURO Y MAS<br>@tauroymas.etam <br>@destacar<br>@compartir<br>@seguidores<br>@followers<br>@Al mill\u00f3n y m\u00e1s <br>@almillonymas<br>@Quer\u00e9taro Vive Con Famosos <br>@queretaroviveconfamosos <br><br><br>#ReyliBarba <br>#QueretaroViveConFamosos<br>#AlMillonYMas<br>#Viral<br>#ViralTikTok <br>#Destacar<br>#Compartir<br>#Seguidores<br>#Followers<br>#EnVivo<br>#UltimasNoticias<br>#20Noviembre2026<br>#Viernes20Noviembre2026<br>#Mexico<br>#Queretaro<\/p>\n","protected":false},"excerpt":{"rendered":"<p>El cantautor mexicano regresa a la ciudad de Quer\u00e9taro presentando su nuevo show \u00abA Caballo\u00bb donde dar\u00e1 un recorrido musical por sus grandes \u00e9xitos. Este<\/p>\n","protected":false},"author":1,"featured_media":4816,"comment_status":"open","ping_status":"open","sticky":false,"template":"","format":"standard","meta":{"footnotes":"","jetpack_publicize_message":"","jetpack_publicize_feature_enabled":true,"jetpack_social_post_already_shared":true,"jetpack_social_options":{"image_generator_settings":{"template":"highway","default_image_id":0,"font":"","enabled":false},"version":2},"jetpack_post_was_ever_published":false},"categories":[13,532],"tags":[],"class_list":["post-4817","post","type-post","status-publish","format-standard","has-post-thumbnail","hentry","category-espectaculos","category-reyli-barba"],"jetpack_publicize_connections":[],"jetpack_sharing_enabled":true,"jetpack_featured_media_url":"https:\/\/queretaroviveconfamosos.com\/wp-content\/uploads\/2026\/09\/IMG-20260902-WA0086.jpg","_links":{"self":[{"href":"https:\/\/queretaroviveconfamosos.com\/index.php?rest_route=\/wp\/v2\/posts\/4817","targetHints":{"allow":["GET"]}}],"collection":[{"href":"https:\/\/queretaroviveconfamosos.com\/index.php?rest_route=\/wp\/v2\/posts"}],"about":[{"href":"https:\/\/queretaroviveconfamosos.com\/index.php?rest_route=\/wp\/v2\/types\/post"}],"author":[{"embeddable":true,"href":"https:\/\/queretaroviveconfamosos.com\/index.php?rest_route=\/wp\/v2\/users\/1"}],"replies":[{"embeddable":true,"href":"https:\/\/queretaroviveconfamosos.com\/index.php?rest_route=%2Fwp%2Fv2%2Fcomments&post=4817"}],"version-history":[{"count":1,"href":"https:\/\/queretaroviveconfamosos.com\/index.php?rest_route=\/wp\/v2\/posts\/4817\/revisions"}],"predecessor-version":[{"id":4820,"href":"https:\/\/queretaroviveconfamosos.com\/index.php?rest_route=\/wp\/v2\/posts\/4817\/revisions\/4820"}],"wp:featuredmedia":[{"embeddable":true,"href":"https:\/\/queretaroviveconfamosos.com\/index.php?rest_route=\/wp\/v2\/media\/4816"}],"wp:attachment":[{"href":"https:\/\/queretaroviveconfamosos.com\/index.php?rest_route=%2Fwp%2Fv2%2Fmedia&parent=4817"}],"wp:term":[{"taxonomy":"category","embeddable":true,"href":"https:\/\/queretaroviveconfamosos.com\/index.php?rest_route=%2Fwp%2Fv2%2Fcategories&post=4817"},{"taxonomy":"post_tag","embeddable":true,"href":"https:\/\/queretaroviveconfamosos.com\/index.php?rest_route=%2Fwp%2Fv2%2Ftags&post=4817"}],"curies":[{"name":"wp","href":"https:\/\/api.w.org\/{rel}","templated":true}]}}