{"id":4814,"date":"2026-09-02T16:40:26","date_gmt":"2026-09-02T22:40:26","guid":{"rendered":"https:\/\/queretaroviveconfamosos.com\/?p=4814"},"modified":"2026-09-02T17:16:55","modified_gmt":"2026-09-02T23:16:55","slug":"queretaro-impulsa-a-tequisquiapan-como-destino-de-identidad-vino-y-tradiciones-con-ecos-de-libertad","status":"publish","type":"post","link":"https:\/\/queretaroviveconfamosos.com\/?p=4814","title":{"rendered":"Quer\u00e9taro impulsa a Tequisquiapan como destino de identidad, vino y tradiciones con \u201cEcos de Libertad\u201d"},"content":{"rendered":"\n<p class=\"wp-block-paragraph\"><br><br>&#8211; El festival se realizar\u00e1 del 12 al 16 de septiembre en el Jard\u00edn Principal Miguel Hidalgo, como parte de las Fiestas Patrias y la Vendimia de Ra\u00edz.<br>&#8211; La celebraci\u00f3n integrar\u00e1 cultura, gastronom\u00eda, vitivinicultura y turismo, fortaleciendo la actividad de vi\u00f1edos, bodegas, restaurantes, comercios, artesanos y prestadores de servicios.<br><br>Con el prop\u00f3sito de fortalecer la promoci\u00f3n tur\u00edstica de Tequisquiapan a trav\u00e9s de sus tradiciones, gastronom\u00eda y vocaci\u00f3n vitivin\u00edcola, se present\u00f3 el festival \u201cEcos de Libertad\u201d, una celebraci\u00f3n que se llevar\u00e1 a cabo del 12 al 16 de septiembre en el Jard\u00edn Principal Miguel Hidalgo, en el marco de las Fiestas Patrias y la Vendimia de Ra\u00edz.<br><br>El evento reunir\u00e1 proyectos y actividades de la Asociaci\u00f3n de Vi\u00f1edos y Bodegas de Tequisquiapan, generando un espacio para reconocer y promover el trabajo de productores, bodegas, vi\u00f1edos y prestadores de servicios, al tiempo que se fortalece la oferta tur\u00edstica del municipio.<br><br>En representaci\u00f3n de la Secretar\u00eda de Turismo del estado de Quer\u00e9taro, Rodrigo Ibarra Lozano, director de Promoci\u00f3n Tur\u00edstica, destac\u00f3 que eventos como \u201cEcos de Libertad\u201d permiten mostrar que la riqueza tur\u00edstica de Quer\u00e9taro se encuentra tambi\u00e9n en la manera en que sus comunidades preservan y comparten sus tradiciones.<br><br>\u201cTequisquiapan tiene algo que dif\u00edcilmente se puede replicar: una identidad que se vive, se comparte y se convierte en una experiencia para quien nos visita. En \u2018Ecos de Libertad\u2019 encontramos precisamente esa uni\u00f3n entre nuestras fiestas patrias, nuestra gastronom\u00eda, nuestros vinos y la calidez de nuestra gente\u201d, se\u00f1al\u00f3.<br><br>Ibarra Lozano subray\u00f3 que la vitivinicultura constituye uno de los elementos que distinguen a Tequisquiapan y a la regi\u00f3n, y que su vinculaci\u00f3n con la gastronom\u00eda, la cultura y las tradiciones permite generar experiencias tur\u00edsticas capaces de motivar la llegada de visitantes y prolongar su estancia en el destino.<br><br>Asimismo, resalt\u00f3 que la realizaci\u00f3n de este tipo de actividades genera beneficios para una amplia cadena de valor tur\u00edstica, que incluye hoteles y alojamientos, restaurantes, vi\u00f1edos y bodegas, comercios, artesanos, productores locales y prestadores de servicios tur\u00edsticos. <br><br>El festival est\u00e1 dirigido tanto a habitantes de Tequisquiapan como a visitantes regionales y turistas nacionales interesados en la cultura del vino, la gastronom\u00eda y las experiencias vinculadas con las tradiciones mexicanas. <br><br>Finalmente, la Secretar\u00eda de Turismo del estado refrend\u00f3 su acompa\u00f1amiento a las iniciativas que contribuyen a diversificar la oferta tur\u00edstica de Quer\u00e9taro y a fortalecer el posicionamiento de sus destinos, particularmente aquellos que integran patrimonio cultural, gastronom\u00eda y vitivinicultura como parte de una experiencia tur\u00edstica integral.<br><br>.<br>@Turismo Tequisquiapan <br>@tequis.travel <br>@Municipio de Tequisquiapan <br>@municipiodetequisquiapan <br>@H\u00e9ctor Maga\u00f1a Rentaria <br>@hmaganarenteria <br>@Secretar\u00eda de Turismo del Estado de Quer\u00e9taro&nbsp; <br>@secturqro&nbsp; <br>@Adriana Vega V\u00e1zquez Mellado <br>@adrianavegavm <br>@destacar<br>@compartir<br>@seguidores<br>@followers<br>@Al mill\u00f3n y m\u00e1s <br>@almillonymas<br>@Quer\u00e9taro Vive Con Famosos <br>@queretaroviveconfamosos <br><br><br>#Tequisquiapan <br>#QueretaroViveConFamosos<br>#AlMillonYMas<br>#Viral<br>#ViralTikTok <br>#Destacar<br>#Compartir<br>#Seguidores<br>#Followers<br>#EnVivo<br>#UltimasNoticias<br>#02Septiembre2026<br>#Miercoles02Septiembre2026<br>#Mexico<br>#Queretaro<\/p>\n","protected":false},"excerpt":{"rendered":"<p>&#8211; El festival se realizar\u00e1 del 12 al 16 de septiembre en el Jard\u00edn Principal Miguel Hidalgo, como parte de las Fiestas Patrias y la<\/p>\n","protected":false},"author":1,"featured_media":4813,"comment_status":"open","ping_status":"open","sticky":false,"template":"","format":"standard","meta":{"footnotes":"","jetpack_publicize_message":"","jetpack_publicize_feature_enabled":true,"jetpack_social_post_already_shared":true,"jetpack_social_options":{"image_generator_settings":{"template":"highway","default_image_id":0,"font":"","enabled":false},"version":2},"jetpack_post_was_ever_published":false},"categories":[63,15,65,64],"tags":[],"class_list":["post-4814","post","type-post","status-publish","format-standard","has-post-thumbnail","hentry","category-hector-magana","category-municipios-de-queretaro","category-secretaria-de-turismo","category-tequisquiapan"],"jetpack_publicize_connections":[],"jetpack_sharing_enabled":true,"jetpack_featured_media_url":"https:\/\/queretaroviveconfamosos.com\/wp-content\/uploads\/2026\/09\/IMG-20260902-WA0075.jpg","_links":{"self":[{"href":"https:\/\/queretaroviveconfamosos.com\/index.php?rest_route=\/wp\/v2\/posts\/4814","targetHints":{"allow":["GET"]}}],"collection":[{"href":"https:\/\/queretaroviveconfamosos.com\/index.php?rest_route=\/wp\/v2\/posts"}],"about":[{"href":"https:\/\/queretaroviveconfamosos.com\/index.php?rest_route=\/wp\/v2\/types\/post"}],"author":[{"embeddable":true,"href":"https:\/\/queretaroviveconfamosos.com\/index.php?rest_route=\/wp\/v2\/users\/1"}],"replies":[{"embeddable":true,"href":"https:\/\/queretaroviveconfamosos.com\/index.php?rest_route=%2Fwp%2Fv2%2Fcomments&post=4814"}],"version-history":[{"count":1,"href":"https:\/\/queretaroviveconfamosos.com\/index.php?rest_route=\/wp\/v2\/posts\/4814\/revisions"}],"predecessor-version":[{"id":4815,"href":"https:\/\/queretaroviveconfamosos.com\/index.php?rest_route=\/wp\/v2\/posts\/4814\/revisions\/4815"}],"wp:featuredmedia":[{"embeddable":true,"href":"https:\/\/queretaroviveconfamosos.com\/index.php?rest_route=\/wp\/v2\/media\/4813"}],"wp:attachment":[{"href":"https:\/\/queretaroviveconfamosos.com\/index.php?rest_route=%2Fwp%2Fv2%2Fmedia&parent=4814"}],"wp:term":[{"taxonomy":"category","embeddable":true,"href":"https:\/\/queretaroviveconfamosos.com\/index.php?rest_route=%2Fwp%2Fv2%2Fcategories&post=4814"},{"taxonomy":"post_tag","embeddable":true,"href":"https:\/\/queretaroviveconfamosos.com\/index.php?rest_route=%2Fwp%2Fv2%2Ftags&post=4814"}],"curies":[{"name":"wp","href":"https:\/\/api.w.org\/{rel}","templated":true}]}}