{"id":4805,"date":"2026-09-01T18:10:44","date_gmt":"2026-09-02T00:10:44","guid":{"rendered":"https:\/\/queretaroviveconfamosos.com\/?p=4805"},"modified":"2026-09-01T20:12:34","modified_gmt":"2026-09-02T02:12:34","slug":"colon-se-suma-al-circuito-nacional-por-la-paz-y-al-hay-festival-queretaro-2026","status":"publish","type":"post","link":"https:\/\/queretaroviveconfamosos.com\/?p=4805","title":{"rendered":"Col\u00f3n se Suma al Circuito Nacional por la Paz y al Hay Festival Quer\u00e9taro 2026"},"content":{"rendered":"\n<p class=\"wp-block-paragraph\"><br><br>\u25cf El Municipio llevar\u00e1 a cabo el Concierto de la Orquesta Comunitaria de Cuerdas de Col\u00f3n y una charla de la periodista Lydia Cacho conversando con el escritor Primitivo Olvera.<br><br>Bajo la premisa de la m\u00fasica como puente y la palabra como herramienta de construcci\u00f3n, la Presidencia Municipal de Col\u00f3n, que encabeza Gaspar Trueba Moncada, se suma al Circuito Nacional de Festividades por la Paz y al Hay Festival Quer\u00e9taro 2026, con una jornada cultural de primer nivel.<br><br>Gracias a la gesti\u00f3n del Alcalde Gaspar Trueba Moncada, fue posible que Col\u00f3n sea considerada como sede oficial dentro de este circuito nacional y del festival m\u00e1s importante de ideas y literatura, logrando traer a territorio colonense dos eventos de talla nacional e internacional que habitualmente se concentran en la capital.<br><br>El pr\u00f3ximo viernes 05 de septiembre, el Jard\u00edn H\u00e9roes de la Revoluci\u00f3n se convertir\u00e1 en el epicentro del arte y la reflexi\u00f3n.<br><br>En punto de las 17:00 horas, dar\u00e1 inicio el concierto de la Orquesta Comunitaria de Cuerdas de Col\u00f3n, un proyecto que es orgullo del municipio y que demuestra que la formaci\u00f3n art\u00edstica puede tejer comunidad y alejar a la ni\u00f1ez y juventud de la violencia.<br><br>Ser\u00e1n ni\u00f1as, ni\u00f1os y j\u00f3venes colonenses quienes, con viol\u00edn y violonchelo en mano, pondr\u00e1n el talento y la nota cultural y art\u00edstica que tiene este municipio.<br><br>Y como parte de esta misma pol\u00edtica social de reconstrucci\u00f3n del tejido social impulsada por el alcalde Gaspar Trueba, a las 18:00 horas, en el mismo escenario, se llevar\u00e1 a cabo una conversaci\u00f3n de alto calado, la periodista y defensora de derechos humanos, Lydia Cacho, dialogar\u00e1 con el reconocido escritor y periodista de radio y televisi\u00f3n, Primitivo Olvera.<br><br>Dos eventos que no son aislados. Ambos forman parte de la programaci\u00f3n oficial del Hay Festival Quer\u00e9taro 2026, uno de los festivales de ideas m\u00e1s importantes del mundo, que este a\u00f1o se realiza con la participaci\u00f3n de los gobiernos federal y estatal.<br><br>Col\u00f3n no s\u00f3lo es invitado, es protagonista. Con cultura, con m\u00fasica y con di\u00e1logo cr\u00edtico, y gracias al impulso decidido de su Presidente Municipal, el municipio levanta la mano en la agenda nacional por la paz.<br><br><br><br>.<br>@Municipio de Col\u00f3n <br>@gobiernodecolon<br>@turismo.colonqro<br>@Gaspar Trueba <br>@gaspartrueba <br>@gaspar.trueba <br>@Elena Arreguin <br>@elena_arreguin_ <br>@destacar<br>@compartir<br>@seguidores<br>@followers<br>@Al mill\u00f3n y m\u00e1s <br>@almillonymas<br>@Quer\u00e9taro Vive Con Famosos <br>@queretaroviveconfamosos<br><br>#Colon <br>#GasparTrueba<br>#QueretaroViveConFamosos<br>#AlMillonYMas<br>#Viral<br>#ViralTikTok <br>#Destacar<br>#Compartir<br>#Seguidores<br>#Followers<br>#EnVivo<br>#UltimasNoticias<br>#Mexico<br>#Queretaro<br><\/p>\n","protected":false},"excerpt":{"rendered":"<p>\u25cf El Municipio llevar\u00e1 a cabo el Concierto de la Orquesta Comunitaria de Cuerdas de Col\u00f3n y una charla de la periodista Lydia Cacho conversando<\/p>\n","protected":false},"author":1,"featured_media":4804,"comment_status":"open","ping_status":"open","sticky":false,"template":"","format":"standard","meta":{"footnotes":"","jetpack_publicize_message":"","jetpack_publicize_feature_enabled":true,"jetpack_social_post_already_shared":true,"jetpack_social_options":{"image_generator_settings":{"template":"highway","default_image_id":0,"font":"","enabled":false},"version":2},"jetpack_post_was_ever_published":false},"categories":[4,6,218,15],"tags":[],"class_list":["post-4805","post","type-post","status-publish","format-standard","has-post-thumbnail","hentry","category-colon","category-gaspar-trueba","category-hay-festival","category-municipios-de-queretaro"],"jetpack_publicize_connections":[],"jetpack_sharing_enabled":true,"jetpack_featured_media_url":"https:\/\/queretaroviveconfamosos.com\/wp-content\/uploads\/2026\/09\/IMG-20260901-WA0079-scaled.jpg","_links":{"self":[{"href":"https:\/\/queretaroviveconfamosos.com\/index.php?rest_route=\/wp\/v2\/posts\/4805","targetHints":{"allow":["GET"]}}],"collection":[{"href":"https:\/\/queretaroviveconfamosos.com\/index.php?rest_route=\/wp\/v2\/posts"}],"about":[{"href":"https:\/\/queretaroviveconfamosos.com\/index.php?rest_route=\/wp\/v2\/types\/post"}],"author":[{"embeddable":true,"href":"https:\/\/queretaroviveconfamosos.com\/index.php?rest_route=\/wp\/v2\/users\/1"}],"replies":[{"embeddable":true,"href":"https:\/\/queretaroviveconfamosos.com\/index.php?rest_route=%2Fwp%2Fv2%2Fcomments&post=4805"}],"version-history":[{"count":1,"href":"https:\/\/queretaroviveconfamosos.com\/index.php?rest_route=\/wp\/v2\/posts\/4805\/revisions"}],"predecessor-version":[{"id":4809,"href":"https:\/\/queretaroviveconfamosos.com\/index.php?rest_route=\/wp\/v2\/posts\/4805\/revisions\/4809"}],"wp:featuredmedia":[{"embeddable":true,"href":"https:\/\/queretaroviveconfamosos.com\/index.php?rest_route=\/wp\/v2\/media\/4804"}],"wp:attachment":[{"href":"https:\/\/queretaroviveconfamosos.com\/index.php?rest_route=%2Fwp%2Fv2%2Fmedia&parent=4805"}],"wp:term":[{"taxonomy":"category","embeddable":true,"href":"https:\/\/queretaroviveconfamosos.com\/index.php?rest_route=%2Fwp%2Fv2%2Fcategories&post=4805"},{"taxonomy":"post_tag","embeddable":true,"href":"https:\/\/queretaroviveconfamosos.com\/index.php?rest_route=%2Fwp%2Fv2%2Ftags&post=4805"}],"curies":[{"name":"wp","href":"https:\/\/api.w.org\/{rel}","templated":true}]}}