{"id":4803,"date":"2026-09-01T10:56:44","date_gmt":"2026-09-01T16:56:44","guid":{"rendered":"http:\/\/queretaroviveconfamosos.com\/?p=4803"},"modified":"2026-09-01T20:11:42","modified_gmt":"2026-09-02T02:11:42","slug":"entrega-beto-nava-gimnasio-al-aire-libre-en-escolasticas-esta-misma-semana-regresara-para-arrancar-una-nueva-obra","status":"publish","type":"post","link":"https:\/\/queretaroviveconfamosos.com\/?p=4803","title":{"rendered":"Entrega Beto Nava gimnasio al aire libre en Escol\u00e1sticas; esta misma semana regresar\u00e1 para arrancar una nueva obra"},"content":{"rendered":"\n<p class=\"wp-block-paragraph\">Como parte de las acciones para fortalecer los espacios p\u00fablicos y promover la actividad f\u00edsica y la convivencia familiar en las comunidades, el presidente municipal de Pedro Escobedo, Beto Nava, encabez\u00f3 la entrega de un nuevo gimnasio al aire libre instalado en el Jard\u00edn Principal de Escol\u00e1sticas.<br><br>Acompa\u00f1ado por la presidenta del Sistema Municipal DIF, Alejandra Garc\u00eda Rodr\u00edguez; las regidoras Perla Alc\u00e1ntara S\u00e1nchez y Mar\u00eda Elena Dorantes Barberena, as\u00ed como por las autoridades auxiliares de la comunidad, el alcalde destac\u00f3 que este nuevo equipamiento queda a disposici\u00f3n de las familias de Escol\u00e1sticas como un espacio gratuito para ejercitarse y cuidar su salud.<br><br>Ante vecinas y vecinos reunidos en el Jard\u00edn Principal, Beto Nava se\u00f1al\u00f3 que la instalaci\u00f3n del gimnasio permite aprovechar de mejor manera este punto de encuentro de la comunidad, generando condiciones para que personas de distintas edades puedan realizar actividad f\u00edsica mientras ni\u00f1as y ni\u00f1os disfrutan de los espacios recreativos.<br><br>\u201cQue sea para beneficio de su salud, que puedan disfrutar, salir por la tarde y aprovechar estos lugares; que los ni\u00f1os puedan venir a jugar y ustedes, mientras, dedicarle un rato al ejercicio\u201d, expres\u00f3.<br><br>El presidente municipal agradeci\u00f3 el respaldo de las y los integrantes del Ayuntamiento que se han sumado a este tipo de proyectos, al se\u00f1alar que el objetivo es que las acciones y recursos p\u00fablicos se traduzcan en beneficios directos para las comunidades y sus habitantes.<br><br>Durante la entrega, Beto Nava anunci\u00f3 adem\u00e1s que esta misma semana regresar\u00e1 a Escol\u00e1sticas para encabezar el arranque de una nueva obra, con la que continuar\u00e1 la intervenci\u00f3n de la calle Arcos, fortaleciendo las acciones de infraestructura que se realizan en esta delegaci\u00f3n.<br><br>\u201cRegreso a la comunidad porque volvemos a hacer otro arranque de obra aqu\u00ed, a continuar con la calle Arcos. Ser\u00e1 otra acci\u00f3n, otra obra m\u00e1s para Escol\u00e1sticas y seguimos construyendo juntos el mejor futuro de Pedro Escobedo\u201d, afirm\u00f3.<br><br>La Administraci\u00f3n Municipal refrenda as\u00ed su compromiso de mantener presencia permanente en las comunidades, combinando acciones para la recuperaci\u00f3n y equipamiento de espacios p\u00fablicos con obras de infraestructura que contribuyan a mejorar la calidad de vida de las familias de Pedro Escobedo.<br><br><br><br>.<br>@Municipio de Pedro Escobedo <br>@pedroescobedompio <br>@Beto Nava <br>@betonavacz <br>@destacar<br>@compartir<br>@seguidores<br>@followers<br>@Al mill\u00f3n y m\u00e1s <br>@almillonymas<br>@Quer\u00e9taro Vive Con Famosos <br>@queretaroviveconfamosos <br><br><br>#PedroEscobedo<br>#JuanAlbertoNavaCruz<br>#QueretaroViveConFamosos<br>#AlMillonYMas<br>#Viral<br>#ViralTikTok<br>#Destacar<br>#Compartir<br>#Seguidores<br>#Followers<br>#EnVivo<br>#UltimasNoticias<br>#Mexico<br>#Queretaro<br><\/p>\n","protected":false},"excerpt":{"rendered":"<p>Como parte de las acciones para fortalecer los espacios p\u00fablicos y promover la actividad f\u00edsica y la convivencia familiar en las comunidades, el presidente municipal<\/p>\n","protected":false},"author":1,"featured_media":4802,"comment_status":"open","ping_status":"open","sticky":false,"template":"","format":"standard","meta":{"footnotes":"","jetpack_publicize_message":"","jetpack_publicize_feature_enabled":true,"jetpack_social_post_already_shared":true,"jetpack_social_options":{"image_generator_settings":{"template":"highway","default_image_id":0,"font":"","enabled":false},"version":2},"jetpack_post_was_ever_published":false},"categories":[24,15,23],"tags":[],"class_list":["post-4803","post","type-post","status-publish","format-standard","has-post-thumbnail","hentry","category-beto-nava","category-municipios-de-queretaro","category-pedro-escobedo"],"jetpack_publicize_connections":[],"jetpack_sharing_enabled":true,"jetpack_featured_media_url":"https:\/\/queretaroviveconfamosos.com\/wp-content\/uploads\/2026\/09\/IMG-20260831-WA0130.jpg","_links":{"self":[{"href":"https:\/\/queretaroviveconfamosos.com\/index.php?rest_route=\/wp\/v2\/posts\/4803","targetHints":{"allow":["GET"]}}],"collection":[{"href":"https:\/\/queretaroviveconfamosos.com\/index.php?rest_route=\/wp\/v2\/posts"}],"about":[{"href":"https:\/\/queretaroviveconfamosos.com\/index.php?rest_route=\/wp\/v2\/types\/post"}],"author":[{"embeddable":true,"href":"https:\/\/queretaroviveconfamosos.com\/index.php?rest_route=\/wp\/v2\/users\/1"}],"replies":[{"embeddable":true,"href":"https:\/\/queretaroviveconfamosos.com\/index.php?rest_route=%2Fwp%2Fv2%2Fcomments&post=4803"}],"version-history":[{"count":1,"href":"https:\/\/queretaroviveconfamosos.com\/index.php?rest_route=\/wp\/v2\/posts\/4803\/revisions"}],"predecessor-version":[{"id":4808,"href":"https:\/\/queretaroviveconfamosos.com\/index.php?rest_route=\/wp\/v2\/posts\/4803\/revisions\/4808"}],"wp:featuredmedia":[{"embeddable":true,"href":"https:\/\/queretaroviveconfamosos.com\/index.php?rest_route=\/wp\/v2\/media\/4802"}],"wp:attachment":[{"href":"https:\/\/queretaroviveconfamosos.com\/index.php?rest_route=%2Fwp%2Fv2%2Fmedia&parent=4803"}],"wp:term":[{"taxonomy":"category","embeddable":true,"href":"https:\/\/queretaroviveconfamosos.com\/index.php?rest_route=%2Fwp%2Fv2%2Fcategories&post=4803"},{"taxonomy":"post_tag","embeddable":true,"href":"https:\/\/queretaroviveconfamosos.com\/index.php?rest_route=%2Fwp%2Fv2%2Ftags&post=4803"}],"curies":[{"name":"wp","href":"https:\/\/api.w.org\/{rel}","templated":true}]}}