{"id":4799,"date":"2026-08-31T15:09:47","date_gmt":"2026-08-31T21:09:47","guid":{"rendered":"https:\/\/queretaroviveconfamosos.com\/?p=4799"},"modified":"2026-09-01T20:10:56","modified_gmt":"2026-09-02T02:10:56","slug":"inicia-colon-el-ciclo-escolar-2026-2027-ordenado-y-puntual","status":"publish","type":"post","link":"https:\/\/queretaroviveconfamosos.com\/?p=4799","title":{"rendered":"Inicia Col\u00f3n el Ciclo Escolar 2026-2027 Ordenado y Puntual"},"content":{"rendered":"\n<p class=\"wp-block-paragraph\">\u25cf El Transporte Escolar Gratuito atendi\u00f3 en este regreso a clases a 530 alumnos de educaci\u00f3n b\u00e1sica.<br><br>En un arranque ordenado y puntual, el Municipio de Col\u00f3n inici\u00f3 el ciclo escolar 2026-2027, con el programa de transporte escolar gratuito, una iniciativa impulsada por el Presidente Municipal, Gaspar Trueba Moncada, desde su creaci\u00f3n para garantizar que ning\u00fan ni\u00f1o o ni\u00f1a se quede sin estudiar por falta de movilidad.<br><br>Desde este primer d\u00eda de clases, alrededor de 530 alumnos de educaci\u00f3n b\u00e1sica y estudiantes de Bachillerato y Universidad se trasladaron de manera segura en 15 unidades que operan a trav\u00e9s de 17 rutas, logrando una cobertura en las 53 comunidades del municipio.<br><br>El programa de la Secretar\u00eda de Innovaci\u00f3n, Cultura y Educaci\u00f3n, representa un importante apoyo a la econom\u00eda familiar y un compromiso directo con la permanencia escolar, al acercar a estudiantes de las comunidades m\u00e1s alejadas a sus centros educativos sin ning\u00fan costo.<br><br>Para esta administraci\u00f3n la educaci\u00f3n es prioridad. Con este transporte gratuito no solo se transporta a alumnos, se mueven oportunidades y tranquilidad para las familias de Col\u00f3n.<br><br>Con esta acci\u00f3n, el Gobierno Municipal refrenda que invertir en educaci\u00f3n es invertir en el futuro de Col\u00f3n, asegurando un servicio digno, seguro y totalmente gratuito para la ni\u00f1ez colonense.<br><br><br>.<br>@Municipio de Col\u00f3n <br>@gobiernodecolon<br>@turismo.colonqro<br>@Gaspar Trueba <br>@gaspartrueba <br>@gaspar.trueba <br>@Elena Arreguin <br>@elena_arreguin_ <br>@destacar<br>@compartir<br>@seguidores<br>@followers<br>@Al mill\u00f3n y m\u00e1s <br>@almillonymas<br>@Quer\u00e9taro Vive Con Famosos <br>@queretaroviveconfamosos<br><br>#Colon <br>#GasparTrueba<br>#QueretaroViveConFamosos<br>#AlMillonYMas<br>#Viral<br>#ViralTikTok <br>#Destacar<br>#Compartir<br>#Seguidores<br>#Followers<br>#EnVivo<br>#UltimasNoticias<br>#Mexico<br>#Queretaro<\/p>\n","protected":false},"excerpt":{"rendered":"<p>\u25cf El Transporte Escolar Gratuito atendi\u00f3 en este regreso a clases a 530 alumnos de educaci\u00f3n b\u00e1sica. En un arranque ordenado y puntual, el Municipio<\/p>\n","protected":false},"author":1,"featured_media":4798,"comment_status":"open","ping_status":"open","sticky":false,"template":"","format":"standard","meta":{"footnotes":"","jetpack_publicize_message":"","jetpack_publicize_feature_enabled":true,"jetpack_social_post_already_shared":true,"jetpack_social_options":{"image_generator_settings":{"template":"highway","default_image_id":0,"font":"","enabled":false},"version":2},"jetpack_post_was_ever_published":false},"categories":[4,6,15],"tags":[],"class_list":["post-4799","post","type-post","status-publish","format-standard","has-post-thumbnail","hentry","category-colon","category-gaspar-trueba","category-municipios-de-queretaro"],"jetpack_publicize_connections":[],"jetpack_sharing_enabled":true,"jetpack_featured_media_url":"https:\/\/queretaroviveconfamosos.com\/wp-content\/uploads\/2026\/08\/IMG-20260831-WA0102.jpg","_links":{"self":[{"href":"https:\/\/queretaroviveconfamosos.com\/index.php?rest_route=\/wp\/v2\/posts\/4799","targetHints":{"allow":["GET"]}}],"collection":[{"href":"https:\/\/queretaroviveconfamosos.com\/index.php?rest_route=\/wp\/v2\/posts"}],"about":[{"href":"https:\/\/queretaroviveconfamosos.com\/index.php?rest_route=\/wp\/v2\/types\/post"}],"author":[{"embeddable":true,"href":"https:\/\/queretaroviveconfamosos.com\/index.php?rest_route=\/wp\/v2\/users\/1"}],"replies":[{"embeddable":true,"href":"https:\/\/queretaroviveconfamosos.com\/index.php?rest_route=%2Fwp%2Fv2%2Fcomments&post=4799"}],"version-history":[{"count":1,"href":"https:\/\/queretaroviveconfamosos.com\/index.php?rest_route=\/wp\/v2\/posts\/4799\/revisions"}],"predecessor-version":[{"id":4806,"href":"https:\/\/queretaroviveconfamosos.com\/index.php?rest_route=\/wp\/v2\/posts\/4799\/revisions\/4806"}],"wp:featuredmedia":[{"embeddable":true,"href":"https:\/\/queretaroviveconfamosos.com\/index.php?rest_route=\/wp\/v2\/media\/4798"}],"wp:attachment":[{"href":"https:\/\/queretaroviveconfamosos.com\/index.php?rest_route=%2Fwp%2Fv2%2Fmedia&parent=4799"}],"wp:term":[{"taxonomy":"category","embeddable":true,"href":"https:\/\/queretaroviveconfamosos.com\/index.php?rest_route=%2Fwp%2Fv2%2Fcategories&post=4799"},{"taxonomy":"post_tag","embeddable":true,"href":"https:\/\/queretaroviveconfamosos.com\/index.php?rest_route=%2Fwp%2Fv2%2Ftags&post=4799"}],"curies":[{"name":"wp","href":"https:\/\/api.w.org\/{rel}","templated":true}]}}