{"id":4796,"date":"2026-08-31T12:20:38","date_gmt":"2026-08-31T18:20:38","guid":{"rendered":"https:\/\/queretaroviveconfamosos.com\/?p=4796"},"modified":"2026-08-31T12:21:50","modified_gmt":"2026-08-31T18:21:50","slug":"beto-nava-acompana-a-la-comunidad-del-cbta-256-en-el-arranque-del-ciclo-escolar-2026-2027","status":"publish","type":"post","link":"https:\/\/queretaroviveconfamosos.com\/?p=4796","title":{"rendered":"Beto Nava acompa\u00f1a a la comunidad del CBTA 256 en el arranque del ciclo escolar 2026-2027"},"content":{"rendered":"\n<p class=\"wp-block-paragraph\"><br><br>El presidente municipal de Pedro Escobedo, Beto Nava, asisti\u00f3 al arranque del ciclo escolar 2026-2027 del Centro de Bachillerato Tecnol\u00f3gico Agropecuario (CBTA) No. 256, donde dese\u00f3 \u00e9xito a las y los estudiantes que regresan a las aulas y dio la bienvenida a quienes comienzan una nueva etapa de su formaci\u00f3n acad\u00e9mica.<br><br>Acompa\u00f1ado por la regidora Liliana Orta Lindero, el alcalde fue recibido por estudiantes, docentes, personal administrativo y directivos de esta instituci\u00f3n educativa, a la que reconoci\u00f3 como un referente para Pedro Escobedo por sus resultados acad\u00e9micos, deportivos y por la formaci\u00f3n de generaciones de j\u00f3venes del municipio.<br><br>Durante su mensaje, Beto Nava record\u00f3 la relaci\u00f3n que durante a\u00f1os ha mantenido con la comunidad del CBTA 256 y destac\u00f3 el crecimiento y los resultados alcanzados por el plantel, producto \u2014dijo\u2014 del esfuerzo conjunto de estudiantes, docentes, directivos y personal administrativo.<br><br>\u201cQue sea un excelente ciclo escolar para todas y todos ustedes; que disfruten sus actividades, que sigan construyendo sus sue\u00f1os y pensando siempre en metas m\u00e1s grandes\u201d, expres\u00f3 ante la comunidad estudiantil.<br><br>El presidente municipal hizo un reconocimiento especial a las y los j\u00f3venes por el esfuerzo que imprimen diariamente a su preparaci\u00f3n acad\u00e9mica y a las distintas actividades en las que representan a la instituci\u00f3n, se\u00f1alando que sus resultados han contribuido a consolidar el prestigio del CBTA 256 dentro y fuera de Quer\u00e9taro.<br><br>Asimismo, reconoci\u00f3 la vocaci\u00f3n de maestras, maestros, directivos y personal administrativo, al se\u00f1alar que detr\u00e1s de cada logro de las y los estudiantes existe un importante trabajo de acompa\u00f1amiento, formaci\u00f3n y compromiso.<br><br>\u201cEn esos resultados se nota su pasi\u00f3n, su cari\u00f1o y, sobre todo, el gran compromiso que tienen con esta escuela y con las y los j\u00f3venes para que sigan saliendo adelante. Ustedes est\u00e1n formando el futuro de nuestra sociedad\u201d, se\u00f1al\u00f3.<br><br>Beto Nava tambi\u00e9n convoc\u00f3 a las y los estudiantes a mantener el nivel competitivo que ha distinguido al plantel y a continuar colocando en alto el nombre de Pedro Escobedo en competencias acad\u00e9micas, deportivas y en las diferentes actividades en las que participan a nivel estatal y nacional.<br><br>Finalmente, el alcalde reiter\u00f3 la disposici\u00f3n de la administraci\u00f3n municipal para mantener una relaci\u00f3n cercana con las instituciones educativas y acompa\u00f1ar los esfuerzos que contribuyan a generar mejores oportunidades para las nuevas generaciones.<br><br>Con el inicio del ciclo escolar 2026-2027, el Gobierno Municipal refrenda que la educaci\u00f3n y el desarrollo de las juventudes son fundamentales para seguir construyendo mejores oportunidades y un mejor futuro para Pedro Escobedo.<br><br><br>.<br>@Municipio de Pedro Escobedo <br>@pedroescobedompio <br>@Beto Nava <br>@betonavacz <br>@destacar<br>@compartir<br>@seguidores<br>@followers<br>@Al mill\u00f3n y m\u00e1s <br>@almillonymas<br>@Quer\u00e9taro Vive Con Famosos <br>@queretaroviveconfamosos <br><br><br>#PedroEscobedo<br>#JuanAlbertoNavaCruz<br>#QueretaroViveConFamosos<br>#AlMillonYMas<br>#Viral<br>#ViralTikTok<br>#Destacar<br>#Compartir<br>#Seguidores<br>#Followers<br>#EnVivo<br>#UltimasNoticias<br>#Mexico<br>#Queretaro<br><\/p>\n","protected":false},"excerpt":{"rendered":"<p>El presidente municipal de Pedro Escobedo, Beto Nava, asisti\u00f3 al arranque del ciclo escolar 2026-2027 del Centro de Bachillerato Tecnol\u00f3gico Agropecuario (CBTA) No. 256, donde<\/p>\n","protected":false},"author":1,"featured_media":4795,"comment_status":"open","ping_status":"open","sticky":false,"template":"","format":"standard","meta":{"footnotes":"","jetpack_publicize_message":"","jetpack_publicize_feature_enabled":true,"jetpack_social_post_already_shared":true,"jetpack_social_options":{"image_generator_settings":{"template":"highway","default_image_id":0,"font":"","enabled":false},"version":2},"jetpack_post_was_ever_published":false},"categories":[24,15,23],"tags":[],"class_list":["post-4796","post","type-post","status-publish","format-standard","has-post-thumbnail","hentry","category-beto-nava","category-municipios-de-queretaro","category-pedro-escobedo"],"jetpack_publicize_connections":[],"jetpack_sharing_enabled":true,"jetpack_featured_media_url":"https:\/\/queretaroviveconfamosos.com\/wp-content\/uploads\/2026\/08\/IMG-20260831-WA0049.jpg","_links":{"self":[{"href":"https:\/\/queretaroviveconfamosos.com\/index.php?rest_route=\/wp\/v2\/posts\/4796","targetHints":{"allow":["GET"]}}],"collection":[{"href":"https:\/\/queretaroviveconfamosos.com\/index.php?rest_route=\/wp\/v2\/posts"}],"about":[{"href":"https:\/\/queretaroviveconfamosos.com\/index.php?rest_route=\/wp\/v2\/types\/post"}],"author":[{"embeddable":true,"href":"https:\/\/queretaroviveconfamosos.com\/index.php?rest_route=\/wp\/v2\/users\/1"}],"replies":[{"embeddable":true,"href":"https:\/\/queretaroviveconfamosos.com\/index.php?rest_route=%2Fwp%2Fv2%2Fcomments&post=4796"}],"version-history":[{"count":1,"href":"https:\/\/queretaroviveconfamosos.com\/index.php?rest_route=\/wp\/v2\/posts\/4796\/revisions"}],"predecessor-version":[{"id":4797,"href":"https:\/\/queretaroviveconfamosos.com\/index.php?rest_route=\/wp\/v2\/posts\/4796\/revisions\/4797"}],"wp:featuredmedia":[{"embeddable":true,"href":"https:\/\/queretaroviveconfamosos.com\/index.php?rest_route=\/wp\/v2\/media\/4795"}],"wp:attachment":[{"href":"https:\/\/queretaroviveconfamosos.com\/index.php?rest_route=%2Fwp%2Fv2%2Fmedia&parent=4796"}],"wp:term":[{"taxonomy":"category","embeddable":true,"href":"https:\/\/queretaroviveconfamosos.com\/index.php?rest_route=%2Fwp%2Fv2%2Fcategories&post=4796"},{"taxonomy":"post_tag","embeddable":true,"href":"https:\/\/queretaroviveconfamosos.com\/index.php?rest_route=%2Fwp%2Fv2%2Ftags&post=4796"}],"curies":[{"name":"wp","href":"https:\/\/api.w.org\/{rel}","templated":true}]}}