{"id":4791,"date":"2026-08-31T11:56:13","date_gmt":"2026-08-31T17:56:13","guid":{"rendered":"https:\/\/queretaroviveconfamosos.com\/?p=4791"},"modified":"2026-08-31T12:04:39","modified_gmt":"2026-08-31T18:04:39","slug":"jairo-morales-abre-el-primer-cam-de-huimilpan-40-estudiantes-recibiran-atencion-cerca-de-casa","status":"publish","type":"post","link":"https:\/\/queretaroviveconfamosos.com\/?p=4791","title":{"rendered":"Jairo Morales abre el primer CAM de Huimilpan; 40 estudiantes recibir\u00e1n atenci\u00f3n cerca de casa"},"content":{"rendered":"\n<p class=\"wp-block-paragraph\">\u201cCorazones que Cuidan\u201d inicia el ciclo escolar 2026-2027 como el Centro de Atenci\u00f3n M\u00faltiple n\u00famero 23 de Quer\u00e9taro.<br><br>Por primera vez, Huimilpan cuenta con un Centro de Atenci\u00f3n M\u00faltiple para ni\u00f1as, ni\u00f1os y adolescentes con discapacidad. El presidente municipal, Jairo Morales Mart\u00ednez, encabez\u00f3 la apertura de \u201cCorazones que Cuidan\u201d, un espacio que acerca educaci\u00f3n especializada a cerca de 40 estudiantes de distintas comunidades del municipio.<br><br>La apertura del CAM representa un cambio importante para las familias huimilpenses que anteriormente deb\u00edan trasladarse fuera del municipio para que sus hijas e hijos recibieran atenci\u00f3n educativa especializada. A partir de este ciclo escolar 2026-2027, podr\u00e1n acceder a este servicio dentro de Huimilpan, reduciendo tiempos, traslados y gastos, y permaneciendo m\u00e1s cerca de sus redes familiares y comunitarias.<br><br>\u201cHoy no abrimos solamente un plantel; acercamos derechos, educaci\u00f3n y tranquilidad a familias que durante mucho tiempo tuvieron que buscar atenci\u00f3n fuera de Huimilpan. Este CAM significa m\u00e1s oportunidades para nuestras ni\u00f1as, ni\u00f1os y adolescentes, pero tambi\u00e9n acompa\u00f1amiento y certeza para quienes todos los d\u00edas cuidan de ellos\u201d, expres\u00f3 Jairo Morales.<br><br>El alcalde se\u00f1al\u00f3 que la puesta en marcha de \u201cCorazones que Cuidan\u201d fue posible gracias al trabajo coordinado entre el Gobierno Municipal, el Gobierno del Estado y la Unidad de Servicios para la Educaci\u00f3n B\u00e1sica en el Estado de Quer\u00e9taro (USEBEQ).<br><br>En ese sentido, Jairo Morales reconoci\u00f3 el respaldo del gobernador Mauricio Kuri Gonz\u00e1lez y de la coordinadora general de la USEBEQ, Irene Quintanar Mej\u00eda, para concretar un proyecto que ampl\u00eda la cobertura de Educaci\u00f3n Especial y atiende una necesidad hist\u00f3rica de las familias de Huimilpan.<br><br>\u201cEste resultado se construy\u00f3 haciendo equipo. Reconozco al gobernador Mauricio Kuri y a Irene Quintanar por escuchar esta necesidad y ayudarnos a convertirla en una soluci\u00f3n. Cuando las instituciones trabajan con un mismo prop\u00f3sito, los resultados llegan directamente a la vida de las familias\u201d, destac\u00f3 el presidente municipal.<br><br>Con su apertura, \u201cCorazones que Cuidan\u201d se convierte en el Centro de Atenci\u00f3n M\u00faltiple n\u00famero 23 de Quer\u00e9taro y fortalece la red estatal de servicios educativos para estudiantes con discapacidad.<br><br>La coordinadora general de la USEBEQ, Irene Quintanar Mej\u00eda, acompa\u00f1\u00f3 a Jairo Morales durante el inicio de actividades y el recorrido por las instalaciones, junto con autoridades estatales y municipales.<br><br>El primer CAM de Huimilpan marca una nueva etapa para la inclusi\u00f3n educativa en el municipio: cerca de 40 estudiantes comienzan el ciclo escolar con atenci\u00f3n especializada, mayores oportunidades para su desarrollo y el acompa\u00f1amiento de sus familias, sin tener que salir de casa.<br><br><br><br>.<br>@Huimilpan Quer\u00e9taro.<br>@municipiodehuimilpan <br>@Jairo Morales <br>@jairomoralesmtz <br>@Karen Serv\u00edn <br>@karenservin.mx <br>@destacar<br>@compartir<br>@seguidores<br>@followers<br>@Al mill\u00f3n y m\u00e1s <br>@almillonymas<br>@Quer\u00e9taro Vive Con Famosos <br>@queretaroviveconfamosos <br><br><br>#Huimilpan<br>#TodoPorHuimilpan<br>#JairoMorales<br>#QueretaroViveConFamosos<br>#AlMillonYMas<br>#Viral<br>#ViralTikTok <br>#Destacar<br>#Compartir<br>#Seguidores<br>#Followers<br>#EnVivo<br>#UltimasNoticias<br>#Mexico<br>#Queretaro<br> <\/p>\n","protected":false},"excerpt":{"rendered":"<p>\u201cCorazones que Cuidan\u201d inicia el ciclo escolar 2026-2027 como el Centro de Atenci\u00f3n M\u00faltiple n\u00famero 23 de Quer\u00e9taro. Por primera vez, Huimilpan cuenta con un<\/p>\n","protected":false},"author":1,"featured_media":4790,"comment_status":"open","ping_status":"open","sticky":false,"template":"","format":"standard","meta":{"footnotes":"","jetpack_publicize_message":"","jetpack_publicize_feature_enabled":true,"jetpack_social_post_already_shared":true,"jetpack_social_options":{"image_generator_settings":{"template":"highway","default_image_id":0,"font":"","enabled":false},"version":2},"jetpack_post_was_ever_published":false},"categories":[112,111,15],"tags":[],"class_list":["post-4791","post","type-post","status-publish","format-standard","has-post-thumbnail","hentry","category-huimilpan","category-jairo-morales","category-municipios-de-queretaro"],"jetpack_publicize_connections":[],"jetpack_sharing_enabled":true,"jetpack_featured_media_url":"https:\/\/queretaroviveconfamosos.com\/wp-content\/uploads\/2026\/08\/IMG-20260831-WA0041.jpg","_links":{"self":[{"href":"https:\/\/queretaroviveconfamosos.com\/index.php?rest_route=\/wp\/v2\/posts\/4791","targetHints":{"allow":["GET"]}}],"collection":[{"href":"https:\/\/queretaroviveconfamosos.com\/index.php?rest_route=\/wp\/v2\/posts"}],"about":[{"href":"https:\/\/queretaroviveconfamosos.com\/index.php?rest_route=\/wp\/v2\/types\/post"}],"author":[{"embeddable":true,"href":"https:\/\/queretaroviveconfamosos.com\/index.php?rest_route=\/wp\/v2\/users\/1"}],"replies":[{"embeddable":true,"href":"https:\/\/queretaroviveconfamosos.com\/index.php?rest_route=%2Fwp%2Fv2%2Fcomments&post=4791"}],"version-history":[{"count":1,"href":"https:\/\/queretaroviveconfamosos.com\/index.php?rest_route=\/wp\/v2\/posts\/4791\/revisions"}],"predecessor-version":[{"id":4793,"href":"https:\/\/queretaroviveconfamosos.com\/index.php?rest_route=\/wp\/v2\/posts\/4791\/revisions\/4793"}],"wp:featuredmedia":[{"embeddable":true,"href":"https:\/\/queretaroviveconfamosos.com\/index.php?rest_route=\/wp\/v2\/media\/4790"}],"wp:attachment":[{"href":"https:\/\/queretaroviveconfamosos.com\/index.php?rest_route=%2Fwp%2Fv2%2Fmedia&parent=4791"}],"wp:term":[{"taxonomy":"category","embeddable":true,"href":"https:\/\/queretaroviveconfamosos.com\/index.php?rest_route=%2Fwp%2Fv2%2Fcategories&post=4791"},{"taxonomy":"post_tag","embeddable":true,"href":"https:\/\/queretaroviveconfamosos.com\/index.php?rest_route=%2Fwp%2Fv2%2Ftags&post=4791"}],"curies":[{"name":"wp","href":"https:\/\/api.w.org\/{rel}","templated":true}]}}