{"id":4787,"date":"2026-08-29T11:41:13","date_gmt":"2026-08-29T17:41:13","guid":{"rendered":"https:\/\/queretaroviveconfamosos.com\/?p=4787"},"modified":"2026-08-29T11:41:13","modified_gmt":"2026-08-29T17:41:13","slug":"alejandra-guzman-pone-a-rockear-a-queretaro","status":"publish","type":"post","link":"https:\/\/queretaroviveconfamosos.com\/?p=4787","title":{"rendered":"Alejandra Guzm\u00e1n pone a rockear a Quer\u00e9taro."},"content":{"rendered":"\n<p class=\"wp-block-paragraph\"><br><br>La cantante mexicana regresa a la ciudad de Quer\u00e9taro despu\u00e9s de un a\u00f1o de ausencia presentando su nuevo show \u00abLos que nos quedamos tour\u00bb.<br><br>Una de las primeras fechas esta gira donde Alejandra nos da un show totalmente renovado incluyendo una producci\u00f3n diferente y acompa\u00f1ada de coreograf\u00edas y cambios de vestuarios.<br><br>Un concierto donde interpreto varios de sus temas como son \u00abMala hierba\u00bb, \u00abGrito de la noche\u00bb, \u00abMirala\u00bb y mas de sus canciones. <br><br>Casi al final de su show toc\u00f3 algunas canciones de su pap\u00e1 Enrique Guzman como \u00abEl Rock de la C\u00e1rcel\u00bb, \u00abAgujetas de color rosa\u00bb, \u00abPopotitos\u00bb, \u00abLa Plaga\u00bb y mas canciones.<br><br>.<br>@Alejandra Guzman <br>@laguzmanmx <br>@team.guzman <br>@laguzmanmusic <br>@Ventix Espect\u00e1culos <br>@ventix_e <br>@Coco Diaz <br>@cocodiazbooking <br>@Herca Stage <br>@hercastage <br>@Grand Stage Productions <br>@grandstagemx <br>@destacar<br>@compartir<br>@seguidores<br>@followers<br>@Al mill\u00f3n y m\u00e1s <br>@almillonymas <br>@Quer\u00e9taro Vive Con Famosos <br>@queretaroviveconfamosos <br><br>#AlejandraGuzman<br>#LaGuzman<br>#LosQueNosQuedamosTour <br>#QueretaroViveConFamosos<br>#AlMillonYMas<br>#Viral<br>#ViralTikTok <br>#Destacar<br>#Compartir<br>#Seguidores<br>#Followers<br>#EnVivo<br>#UltimasNoticias <br>#28Agosto2026<br>#Viernes28Agosto2026<br>#Mexico <br>#Queretaro<\/p>\n\n\n\n<p class=\"wp-block-paragraph\"><\/p>\n","protected":false},"excerpt":{"rendered":"<p>La cantante mexicana regresa a la ciudad de Quer\u00e9taro despu\u00e9s de un a\u00f1o de ausencia presentando su nuevo show \u00abLos que nos quedamos tour\u00bb. Una<\/p>\n","protected":false},"author":1,"featured_media":4786,"comment_status":"open","ping_status":"open","sticky":false,"template":"","format":"standard","meta":{"footnotes":"","jetpack_publicize_message":"","jetpack_publicize_feature_enabled":true,"jetpack_social_post_already_shared":true,"jetpack_social_options":{"image_generator_settings":{"template":"highway","default_image_id":0,"font":"","enabled":false},"version":2},"jetpack_post_was_ever_published":false},"categories":[158,13],"tags":[],"class_list":["post-4787","post","type-post","status-publish","format-standard","has-post-thumbnail","hentry","category-alejandra-guzman","category-espectaculos"],"jetpack_publicize_connections":[],"jetpack_sharing_enabled":true,"jetpack_featured_media_url":"https:\/\/queretaroviveconfamosos.com\/wp-content\/uploads\/2026\/08\/IMG-20260829-WA0015.jpg","_links":{"self":[{"href":"https:\/\/queretaroviveconfamosos.com\/index.php?rest_route=\/wp\/v2\/posts\/4787","targetHints":{"allow":["GET"]}}],"collection":[{"href":"https:\/\/queretaroviveconfamosos.com\/index.php?rest_route=\/wp\/v2\/posts"}],"about":[{"href":"https:\/\/queretaroviveconfamosos.com\/index.php?rest_route=\/wp\/v2\/types\/post"}],"author":[{"embeddable":true,"href":"https:\/\/queretaroviveconfamosos.com\/index.php?rest_route=\/wp\/v2\/users\/1"}],"replies":[{"embeddable":true,"href":"https:\/\/queretaroviveconfamosos.com\/index.php?rest_route=%2Fwp%2Fv2%2Fcomments&post=4787"}],"version-history":[{"count":0,"href":"https:\/\/queretaroviveconfamosos.com\/index.php?rest_route=\/wp\/v2\/posts\/4787\/revisions"}],"wp:featuredmedia":[{"embeddable":true,"href":"https:\/\/queretaroviveconfamosos.com\/index.php?rest_route=\/wp\/v2\/media\/4786"}],"wp:attachment":[{"href":"https:\/\/queretaroviveconfamosos.com\/index.php?rest_route=%2Fwp%2Fv2%2Fmedia&parent=4787"}],"wp:term":[{"taxonomy":"category","embeddable":true,"href":"https:\/\/queretaroviveconfamosos.com\/index.php?rest_route=%2Fwp%2Fv2%2Fcategories&post=4787"},{"taxonomy":"post_tag","embeddable":true,"href":"https:\/\/queretaroviveconfamosos.com\/index.php?rest_route=%2Fwp%2Fv2%2Ftags&post=4787"}],"curies":[{"name":"wp","href":"https:\/\/api.w.org\/{rel}","templated":true}]}}