{"id":4781,"date":"2026-08-28T16:13:49","date_gmt":"2026-08-28T22:13:49","guid":{"rendered":"https:\/\/queretaroviveconfamosos.com\/?p=4781"},"modified":"2026-08-28T16:13:49","modified_gmt":"2026-08-28T22:13:49","slug":"jairo-morales-reconoce-el-legado-y-la-experiencia-de-los-adultos-mayores-de-huimilpan","status":"publish","type":"post","link":"https:\/\/queretaroviveconfamosos.com\/?p=4781","title":{"rendered":"Jairo Morales reconoce el legado y la experiencia de los adultos mayores de Huimilpan"},"content":{"rendered":"\n<p class=\"wp-block-paragraph\">El presidente municipal de Huimilpan, Jairo Morales Mart\u00ednez, reconoci\u00f3 la trayectoria, experiencia y aportaciones de las personas adultas mayores del municipio durante la celebraci\u00f3n del \u201cD\u00eda de la Abuela y el Abuelo 2026\u201d, organizada por el Sistema Municipal DIF y que reuni\u00f3 a alrededor de 400 asistentes.<br><br>Durante su mensaje, Jairo Morales destac\u00f3 la importancia de reconocer a quienes, a lo largo de los a\u00f1os, han contribuido con su trabajo, esfuerzo y experiencia al desarrollo de sus familias y comunidades.<br><br>El alcalde refrend\u00f3 el compromiso de su administraci\u00f3n de continuar impulsando acciones que favorezcan el bienestar, la participaci\u00f3n y una mejor calidad de vida para las personas adultas mayores de Huimilpan.<br><br>La celebraci\u00f3n incluy\u00f3 espacios de convivencia, m\u00fasica y una entrega de reconocimientos a adultos mayores que han participado en actividades estatales, as\u00ed como a la Coordinaci\u00f3n del Adulto Mayor.<br><br>Jairo Morales estuvo acompa\u00f1ado por la presidenta honoraria del Sistema Municipal DIF, Ana Karen de Le\u00f3n Serv\u00edn, y por la diputada local Leonor Mej\u00eda Barraza, quienes participaron en esta jornada dedicada a reconocer el valor social de las y los adultos mayores.<br><br>Con este encuentro, el Gobierno Municipal de Huimilpan refrenda su compromiso de mantener cercan\u00eda con las personas adultas mayores y generar espacios donde sean reconocidas por su historia, experiencia y aportaci\u00f3n a la sociedad.<br><br><br>.<br>@Huimilpan Quer\u00e9taro.<br>@municipiodehuimilpan <br>@Jairo Morales <br>@jairomoralesmtz <br>@Karen Serv\u00edn <br>@karenservin.mx <br>@destacar<br>@compartir<br>@seguidores<br>@followers<br>@Al mill\u00f3n y m\u00e1s <br>@almillonymas<br>@Quer\u00e9taro Vive Con Famosos <br>@queretaroviveconfamosos <br><br><br>#Huimilpan<br>#TodoPorHuimilpan<br>#JairoMorales<br>#QueretaroViveConFamosos<br>#AlMillonYMas<br>#Viral<br>#ViralTikTok <br>#Destacar<br>#Compartir<br>#Seguidores<br>#Followers<br>#EnVivo<br>#UltimasNoticias<br>#Mexico<br>#Queretaro<br> <\/p>\n","protected":false},"excerpt":{"rendered":"<p>El presidente municipal de Huimilpan, Jairo Morales Mart\u00ednez, reconoci\u00f3 la trayectoria, experiencia y aportaciones de las personas adultas mayores del municipio durante la celebraci\u00f3n del<\/p>\n","protected":false},"author":1,"featured_media":4780,"comment_status":"open","ping_status":"open","sticky":false,"template":"","format":"standard","meta":{"footnotes":"","jetpack_publicize_message":"","jetpack_publicize_feature_enabled":true,"jetpack_social_post_already_shared":true,"jetpack_social_options":{"image_generator_settings":{"template":"highway","default_image_id":0,"font":"","enabled":false},"version":2},"jetpack_post_was_ever_published":false},"categories":[112,111,15],"tags":[],"class_list":["post-4781","post","type-post","status-publish","format-standard","has-post-thumbnail","hentry","category-huimilpan","category-jairo-morales","category-municipios-de-queretaro"],"jetpack_publicize_connections":[],"jetpack_sharing_enabled":true,"jetpack_featured_media_url":"https:\/\/queretaroviveconfamosos.com\/wp-content\/uploads\/2026\/08\/IMG-20260828-WA0062.jpg","_links":{"self":[{"href":"https:\/\/queretaroviveconfamosos.com\/index.php?rest_route=\/wp\/v2\/posts\/4781","targetHints":{"allow":["GET"]}}],"collection":[{"href":"https:\/\/queretaroviveconfamosos.com\/index.php?rest_route=\/wp\/v2\/posts"}],"about":[{"href":"https:\/\/queretaroviveconfamosos.com\/index.php?rest_route=\/wp\/v2\/types\/post"}],"author":[{"embeddable":true,"href":"https:\/\/queretaroviveconfamosos.com\/index.php?rest_route=\/wp\/v2\/users\/1"}],"replies":[{"embeddable":true,"href":"https:\/\/queretaroviveconfamosos.com\/index.php?rest_route=%2Fwp%2Fv2%2Fcomments&post=4781"}],"version-history":[{"count":0,"href":"https:\/\/queretaroviveconfamosos.com\/index.php?rest_route=\/wp\/v2\/posts\/4781\/revisions"}],"wp:featuredmedia":[{"embeddable":true,"href":"https:\/\/queretaroviveconfamosos.com\/index.php?rest_route=\/wp\/v2\/media\/4780"}],"wp:attachment":[{"href":"https:\/\/queretaroviveconfamosos.com\/index.php?rest_route=%2Fwp%2Fv2%2Fmedia&parent=4781"}],"wp:term":[{"taxonomy":"category","embeddable":true,"href":"https:\/\/queretaroviveconfamosos.com\/index.php?rest_route=%2Fwp%2Fv2%2Fcategories&post=4781"},{"taxonomy":"post_tag","embeddable":true,"href":"https:\/\/queretaroviveconfamosos.com\/index.php?rest_route=%2Fwp%2Fv2%2Ftags&post=4781"}],"curies":[{"name":"wp","href":"https:\/\/api.w.org\/{rel}","templated":true}]}}