{"id":4777,"date":"2026-08-28T11:22:32","date_gmt":"2026-08-28T17:22:32","guid":{"rendered":"https:\/\/queretaroviveconfamosos.com\/?p=4777"},"modified":"2026-08-28T11:22:32","modified_gmt":"2026-08-28T17:22:32","slug":"jairo-morales-entrega-urbanizacion-de-calles-azucenas-y-laureles-en-el-salitrillo","status":"publish","type":"post","link":"https:\/\/queretaroviveconfamosos.com\/?p=4777","title":{"rendered":"Jairo Morales entrega urbanizaci\u00f3n de calles Azucenas y Laureles en El Salitrillo"},"content":{"rendered":"\n<p class=\"wp-block-paragraph\"><br><br>El presidente municipal de Huimilpan, Jairo Morales Mart\u00ednez, encabez\u00f3 la entrega de la obra de urbanizaci\u00f3n de las calles Azucenas y Laureles, en la comunidad de El Salitrillo, una acci\u00f3n que mejora las condiciones de movilidad y el entorno cotidiano de las familias de la zona.<br><br>Durante la entrega estuvieron presentes Ana Karen de Le\u00f3n Serv\u00edn, presidenta del SMDIF Huimilpan; V\u00edctor Eduardo Gardu\u00f1o Fonseca, secretario de Obras P\u00fablicas; Juan Pablo \u00c1ngeles Arvizu, secretario de Gobierno; Ofelia Lara Cabrera, delegada de la comunidad, y Jos\u00e9 Filem\u00f3n G\u00f3mez Lara, regidor del Ayuntamiento.<br><br>Jairo Morales destac\u00f3 que la administraci\u00f3n municipal mantiene un trabajo cercano con las comunidades, atendiendo aquellas obras que tienen un impacto directo en la vida diaria de las personas.<br><br>\u201cCuando escuchamos a las comunidades y trabajamos de la mano con ellas, podemos llevar las obras a donde realmente se necesitan. Hoy El Salitrillo cuenta con calles m\u00e1s dignas y seguras para sus familias; vamos a seguir trabajando para que las mejoras lleguen a cada rinc\u00f3n de Huimilpan\u201d.<br><br>Los trabajos realizados contemplaron 1,320 metros cuadrados de empedrado ahogado en mortero, 257 metros cuadrados de banquetas de concreto hidr\u00e1ulico y 40 metros cuadrados de accesos vehiculares, fortaleciendo la infraestructura vial de la comunidad.<br><br>Adem\u00e1s de esta obra, la administraci\u00f3n municipal ha llevado a El Salitrillo diversas acciones de atenci\u00f3n comunitaria, entre ellas mantenimiento y reparaci\u00f3n de luminarias, limpieza de espacios p\u00fablicos, talleres impartidos por el DIF y apoyos sociales.<br><br>Con estas acciones, el Gobierno Municipal de Huimilpan contin\u00faa avanzando en una pol\u00edtica de obra p\u00fablica con sentido social, priorizando proyectos que mejoren la movilidad, la seguridad y la calidad de vida de las familias huimilpenses.<br><br>.<br>@Huimilpan Quer\u00e9taro.<br>@municipiodehuimilpan <br>@Jairo Morales <br>@jairomoralesmtz <br>@Karen Serv\u00edn <br>@karenservin.mx <br>@destacar<br>@compartir<br>@seguidores<br>@followers<br>@Al mill\u00f3n y m\u00e1s <br>@almillonymas<br>@Quer\u00e9taro Vive Con Famosos <br>@queretaroviveconfamosos <br><br><br>#Huimilpan<br>#TodoPorHuimilpan<br>#JairoMorales<br>#QueretaroViveConFamosos<br>#AlMillonYMas<br>#Viral<br>#ViralTikTok <br>#Destacar<br>#Compartir<br>#Seguidores<br>#Followers<br>#EnVivo<br>#UltimasNoticias<br>#Mexico<br>#Queretaro<br> <\/p>\n","protected":false},"excerpt":{"rendered":"<p>El presidente municipal de Huimilpan, Jairo Morales Mart\u00ednez, encabez\u00f3 la entrega de la obra de urbanizaci\u00f3n de las calles Azucenas y Laureles, en la comunidad<\/p>\n","protected":false},"author":1,"featured_media":4776,"comment_status":"open","ping_status":"open","sticky":false,"template":"","format":"standard","meta":{"footnotes":"","jetpack_publicize_message":"","jetpack_publicize_feature_enabled":true,"jetpack_social_post_already_shared":true,"jetpack_social_options":{"image_generator_settings":{"template":"highway","default_image_id":0,"font":"","enabled":false},"version":2},"jetpack_post_was_ever_published":false},"categories":[112,111,15],"tags":[],"class_list":["post-4777","post","type-post","status-publish","format-standard","has-post-thumbnail","hentry","category-huimilpan","category-jairo-morales","category-municipios-de-queretaro"],"jetpack_publicize_connections":[],"jetpack_sharing_enabled":true,"jetpack_featured_media_url":"https:\/\/queretaroviveconfamosos.com\/wp-content\/uploads\/2026\/08\/IMG-20260828-WA0030.jpg","_links":{"self":[{"href":"https:\/\/queretaroviveconfamosos.com\/index.php?rest_route=\/wp\/v2\/posts\/4777","targetHints":{"allow":["GET"]}}],"collection":[{"href":"https:\/\/queretaroviveconfamosos.com\/index.php?rest_route=\/wp\/v2\/posts"}],"about":[{"href":"https:\/\/queretaroviveconfamosos.com\/index.php?rest_route=\/wp\/v2\/types\/post"}],"author":[{"embeddable":true,"href":"https:\/\/queretaroviveconfamosos.com\/index.php?rest_route=\/wp\/v2\/users\/1"}],"replies":[{"embeddable":true,"href":"https:\/\/queretaroviveconfamosos.com\/index.php?rest_route=%2Fwp%2Fv2%2Fcomments&post=4777"}],"version-history":[{"count":0,"href":"https:\/\/queretaroviveconfamosos.com\/index.php?rest_route=\/wp\/v2\/posts\/4777\/revisions"}],"wp:featuredmedia":[{"embeddable":true,"href":"https:\/\/queretaroviveconfamosos.com\/index.php?rest_route=\/wp\/v2\/media\/4776"}],"wp:attachment":[{"href":"https:\/\/queretaroviveconfamosos.com\/index.php?rest_route=%2Fwp%2Fv2%2Fmedia&parent=4777"}],"wp:term":[{"taxonomy":"category","embeddable":true,"href":"https:\/\/queretaroviveconfamosos.com\/index.php?rest_route=%2Fwp%2Fv2%2Fcategories&post=4777"},{"taxonomy":"post_tag","embeddable":true,"href":"https:\/\/queretaroviveconfamosos.com\/index.php?rest_route=%2Fwp%2Fv2%2Ftags&post=4777"}],"curies":[{"name":"wp","href":"https:\/\/api.w.org\/{rel}","templated":true}]}}