{"id":4773,"date":"2026-08-27T20:47:40","date_gmt":"2026-08-28T02:47:40","guid":{"rendered":"https:\/\/queretaroviveconfamosos.com\/?p=4773"},"modified":"2026-08-27T20:47:40","modified_gmt":"2026-08-28T02:47:40","slug":"jaime-varela-llega-a-queretaro","status":"publish","type":"post","link":"https:\/\/queretaroviveconfamosos.com\/?p=4773","title":{"rendered":"Jaime Varela llega a Quer\u00e9taro."},"content":{"rendered":"\n<p class=\"wp-block-paragraph\"><br><br>El cantante Jaime Varela dio una rueda de prensa para anunciar su show \u00abHomenaje mas grande a Juan Gabriel\u00bb en la ciudad de Quer\u00e9taro.<br><br>En esta rueda de prensa, Jaime dio a conocer que en este concierto se tendr\u00e1 un show completo acompa\u00f1ado de musicos, coros, mariachi y ballet; para que la gente pueda disfrutar los temas del Divo de Ju\u00e1rez.<br><br>Adem\u00e1s en la rueda de prensa se anuncio que del 27 al 31 de agosto se tendr\u00e1 una promoci\u00f3n del 3&#215;2 para que los que no han adquirido sus boletos.<br><br>Los invitamos para este concierto este viernes 04 de septiembre a las 20:30 hrs en el Auditorio Josefa Ortiz de Dom\u00ednguez. <br><br>Venta de boletos por el sistema de @eticketmx <br>https:\/\/www.eticket.mx\/masinformacion.aspx?idevento=35976<br><br>.<br>@Jaime Varela Oficial Joya<br>@jaimevarelaoficial <br>@Viko Entertainment <br>@viko.entertainment <br>@Tribu Travel Club By Ana Ce <br>@tribu_travel_club <br>@juanelo_oyarzun<br>@destacar <br>@compartir <br>@seguidores <br>@followers <br>@Al mill\u00f3n y m\u00e1s <br>@almillonymas <br>@Quer\u00e9taro Vive Con Famosos <br>@queretaroviveconfamosos <br><br><br>#ElDivoSiempreVivo <br>#JaimeVarela <br>#VikoEntertainment<br>#QueretaroViveConFamosos<br>#AlMillonYMas<br>#Viral<br>#ViralTikTok<br>#Destacar<br>#Compartir<br>#Seguidores<br>#Followers<br>#EnVivo<br>#UltimasNoticias<br>#04Septiembre2026 <br>#Viernes04Septiembre2026<br>#Mexico<br>#Queretaro<\/p>\n","protected":false},"excerpt":{"rendered":"<p>El cantante Jaime Varela dio una rueda de prensa para anunciar su show \u00abHomenaje mas grande a Juan Gabriel\u00bb en la ciudad de Quer\u00e9taro. En<\/p>\n","protected":false},"author":1,"featured_media":4772,"comment_status":"open","ping_status":"open","sticky":false,"template":"","format":"standard","meta":{"footnotes":"","jetpack_publicize_message":"","jetpack_publicize_feature_enabled":true,"jetpack_social_post_already_shared":true,"jetpack_social_options":{"image_generator_settings":{"template":"highway","default_image_id":0,"font":"","enabled":false},"version":2},"jetpack_post_was_ever_published":false},"categories":[13,529,35],"tags":[],"class_list":["post-4773","post","type-post","status-publish","format-standard","has-post-thumbnail","hentry","category-espectaculos","category-jaime-varela","category-viko-entertainment"],"jetpack_publicize_connections":[],"jetpack_sharing_enabled":true,"jetpack_featured_media_url":"https:\/\/queretaroviveconfamosos.com\/wp-content\/uploads\/2026\/08\/IMG-20260827-WA0125.jpg","_links":{"self":[{"href":"https:\/\/queretaroviveconfamosos.com\/index.php?rest_route=\/wp\/v2\/posts\/4773","targetHints":{"allow":["GET"]}}],"collection":[{"href":"https:\/\/queretaroviveconfamosos.com\/index.php?rest_route=\/wp\/v2\/posts"}],"about":[{"href":"https:\/\/queretaroviveconfamosos.com\/index.php?rest_route=\/wp\/v2\/types\/post"}],"author":[{"embeddable":true,"href":"https:\/\/queretaroviveconfamosos.com\/index.php?rest_route=\/wp\/v2\/users\/1"}],"replies":[{"embeddable":true,"href":"https:\/\/queretaroviveconfamosos.com\/index.php?rest_route=%2Fwp%2Fv2%2Fcomments&post=4773"}],"version-history":[{"count":0,"href":"https:\/\/queretaroviveconfamosos.com\/index.php?rest_route=\/wp\/v2\/posts\/4773\/revisions"}],"wp:featuredmedia":[{"embeddable":true,"href":"https:\/\/queretaroviveconfamosos.com\/index.php?rest_route=\/wp\/v2\/media\/4772"}],"wp:attachment":[{"href":"https:\/\/queretaroviveconfamosos.com\/index.php?rest_route=%2Fwp%2Fv2%2Fmedia&parent=4773"}],"wp:term":[{"taxonomy":"category","embeddable":true,"href":"https:\/\/queretaroviveconfamosos.com\/index.php?rest_route=%2Fwp%2Fv2%2Fcategories&post=4773"},{"taxonomy":"post_tag","embeddable":true,"href":"https:\/\/queretaroviveconfamosos.com\/index.php?rest_route=%2Fwp%2Fv2%2Ftags&post=4773"}],"curies":[{"name":"wp","href":"https:\/\/api.w.org\/{rel}","templated":true}]}}