{"id":4771,"date":"2026-08-27T13:05:28","date_gmt":"2026-08-27T19:05:28","guid":{"rendered":"http:\/\/queretaroviveconfamosos.com\/?p=4771"},"modified":"2026-08-27T13:05:28","modified_gmt":"2026-08-27T19:05:28","slug":"colon-celebra-a-lo-grande-a-sus-adultos-mayores-mas-de-mil-500-abuelitos-disfrutaron-de-una-gran-celebracion","status":"publish","type":"post","link":"https:\/\/queretaroviveconfamosos.com\/?p=4771","title":{"rendered":"Col\u00f3n celebra a lo grande a sus adultos mayores; m\u00e1s de mil 500 abuelitos disfrutaron de una gran celebraci\u00f3n."},"content":{"rendered":"\n<p class=\"wp-block-paragraph\">El Sistema DIF Municipal de Col\u00f3n y el Gobierno Municipal de Col\u00f3n, celebraron a lo grande a las y los adultos mayores del municipio con motivo del \u201cD\u00eda del Abuelo 2026\u201d, en una jornada de convivencia que reuni\u00f3 a m\u00e1s de mil 500 abuelitos de distintas comunidades de Col\u00f3n.<br><br>El evento estuvo encabezado por la presidenta del Sistema DIF Municipal de Col\u00f3n, Elena Arregu\u00edn de la Torre, y el presidente municipal de Col\u00f3n, Mtro. Gaspar Trueba Moncada, quienes acompa\u00f1aron a las y los adultos mayores en una fiesta pensada especialmente para reconocer su trayectoria, sus aportaciones y el papel fundamental que tienen dentro de las familias y comunidades.<br><br>Durante su mensaje de bienvenida, la presidenta del Sistema DIF municipal de Col\u00f3n, Elena Arregu\u00edn de la Torre, destac\u00f3 que atender a las personas adultas mayores es una responsabilidad que debe traducirse en acciones concretas.<br><br>Explic\u00f3 que durante estos meses se ha trabajado para fortalecer los espacios de convivencia, impulsando actividades recreativas, talleres y encuentros que les permitan mantenerse activos y continuar formando parte de la vida del municipio.<br><br>Agradeci\u00f3 a su esposo el presidente municipal, por el respaldo permanente al trabajo del Sistema DIF Municipal y reconoci\u00f3 que su apoyo ha sido fundamental para continuar construyendo acciones que atiendan las necesidades de las familias y, de manera especial, de las personas adultas mayores.<br><br>Arregu\u00edn de la Torre, refrend\u00f3 su compromiso de seguir trabajando para generar m\u00e1s espacios de participaci\u00f3n para este sector de la poblaci\u00f3n.<br><br>\u201cQueremos que sigan siendo escuchados, queremos que sigan participando y que encuentren en el DIF una instituci\u00f3n cercana\u201d, finaliz\u00f3.<br><br>Por su parte el presidente municipal de Col\u00f3n, Mtro. Gaspar Trueba Moncada, reconoci\u00f3 el trabajo que realiza el Sistema DIF Municipal y felicit\u00f3 a su esposa, Elena Arregu\u00edn de la Torre, por el esfuerzo realizado para llevar a cabo esta celebraci\u00f3n.<br><br>El alcalde destac\u00f3 que desde el inicio de su administraci\u00f3n las y los adultos mayores han sido una prioridad y que, de la mano del Sistema DIF, se han atendido sus necesidades y se ha brindado apoyo y abrigo a quienes m\u00e1s lo necesitan.<br><br>Asimismo anunci\u00f3 que en los pr\u00f3ximos d\u00edas realizar\u00e1 un recorrido por los 42 grupos del adulto mayor del municipio, para hacer entrega de mobiliario que contribuir\u00e1 a fortalecer sus espacios de reuni\u00f3n. El apoyo consistir\u00e1 en tablones, sillas y una bocina para que las y los integrantes de estos grupos puedan continuar reuni\u00e9ndose y realizando sus actividades.<br><br>\u201cQuiero felicitarlos a todos en su d\u00eda, siempre van a contar con mi respaldo y voy a estar para ustedes\u201d, expres\u00f3 el presidente municipal.<br><br>Posteriormente como parte de la celebraci\u00f3n, despu\u00e9s del protocolo se llev\u00f3 a cabo la entrega de reconocimientos a las y los adultos mayores que destacaron en las pasadas Olimpiadas Estatales, reconociendo as\u00ed su esfuerzo, disciplina y participaci\u00f3n.<br><br>En el evento se cont\u00f3 con la asistencia del Subprocurador de Atenci\u00f3n y Protecci\u00f3n Integral de Personas Adultas Mayores del SEDIF Quer\u00e9taro, Lic. Bernardo Jim\u00e9nez Valenzuela, en representaci\u00f3n de la Sra. Car Herrera de Kuri, presidenta del Patronato del Sistema DIF Estatal Quer\u00e9taro.<br><br><br>.<br>@Municipio de Col\u00f3n <br>@gobiernodecolon<br>@turismo.colonqro<br>@Gaspar Trueba <br>@gaspartrueba <br>@gaspar.trueba <br>@Elena Arreguin <br>@elena_arreguin_ <br>@destacar<br>@compartir<br>@seguidores<br>@followers<br>@Al mill\u00f3n y m\u00e1s <br>@almillonymas<br>@Quer\u00e9taro Vive Con Famosos <br>@queretaroviveconfamosos<br><br>#Colon <br>#GasparTrueba<br>#QueretaroViveConFamosos<br>#AlMillonYMas<br>#Viral<br>#ViralTikTok <br>#Destacar<br>#Compartir<br>#Seguidores<br>#Followers<br>#EnVivo<br>#UltimasNoticias<br>#Mexico<br>#Queretaro<br><\/p>\n","protected":false},"excerpt":{"rendered":"<p>El Sistema DIF Municipal de Col\u00f3n y el Gobierno Municipal de Col\u00f3n, celebraron a lo grande a las y los adultos mayores del municipio con<\/p>\n","protected":false},"author":1,"featured_media":4770,"comment_status":"open","ping_status":"open","sticky":false,"template":"","format":"standard","meta":{"footnotes":"","jetpack_publicize_message":"","jetpack_publicize_feature_enabled":true,"jetpack_social_post_already_shared":true,"jetpack_social_options":{"image_generator_settings":{"template":"highway","default_image_id":0,"font":"","enabled":false},"version":2},"jetpack_post_was_ever_published":false},"categories":[4,20,6,15],"tags":[],"class_list":["post-4771","post","type-post","status-publish","format-standard","has-post-thumbnail","hentry","category-colon","category-dif","category-gaspar-trueba","category-municipios-de-queretaro"],"jetpack_publicize_connections":[],"jetpack_sharing_enabled":true,"jetpack_featured_media_url":"https:\/\/queretaroviveconfamosos.com\/wp-content\/uploads\/2026\/08\/IMG-20260827-WA0036.jpg","_links":{"self":[{"href":"https:\/\/queretaroviveconfamosos.com\/index.php?rest_route=\/wp\/v2\/posts\/4771","targetHints":{"allow":["GET"]}}],"collection":[{"href":"https:\/\/queretaroviveconfamosos.com\/index.php?rest_route=\/wp\/v2\/posts"}],"about":[{"href":"https:\/\/queretaroviveconfamosos.com\/index.php?rest_route=\/wp\/v2\/types\/post"}],"author":[{"embeddable":true,"href":"https:\/\/queretaroviveconfamosos.com\/index.php?rest_route=\/wp\/v2\/users\/1"}],"replies":[{"embeddable":true,"href":"https:\/\/queretaroviveconfamosos.com\/index.php?rest_route=%2Fwp%2Fv2%2Fcomments&post=4771"}],"version-history":[{"count":0,"href":"https:\/\/queretaroviveconfamosos.com\/index.php?rest_route=\/wp\/v2\/posts\/4771\/revisions"}],"wp:featuredmedia":[{"embeddable":true,"href":"https:\/\/queretaroviveconfamosos.com\/index.php?rest_route=\/wp\/v2\/media\/4770"}],"wp:attachment":[{"href":"https:\/\/queretaroviveconfamosos.com\/index.php?rest_route=%2Fwp%2Fv2%2Fmedia&parent=4771"}],"wp:term":[{"taxonomy":"category","embeddable":true,"href":"https:\/\/queretaroviveconfamosos.com\/index.php?rest_route=%2Fwp%2Fv2%2Fcategories&post=4771"},{"taxonomy":"post_tag","embeddable":true,"href":"https:\/\/queretaroviveconfamosos.com\/index.php?rest_route=%2Fwp%2Fv2%2Ftags&post=4771"}],"curies":[{"name":"wp","href":"https:\/\/api.w.org\/{rel}","templated":true}]}}