{"id":4765,"date":"2026-08-26T18:23:42","date_gmt":"2026-08-27T00:23:42","guid":{"rendered":"https:\/\/queretaroviveconfamosos.com\/?p=4765"},"modified":"2026-08-26T18:23:42","modified_gmt":"2026-08-27T00:23:42","slug":"jairo-morales-arranca-obra-de-electrificacion-y-alumbrado-publico-en-la-noria","status":"publish","type":"post","link":"https:\/\/queretaroviveconfamosos.com\/?p=4765","title":{"rendered":"JAIRO MORALES ARRANCA OBRA DE ELECTRIFICACI\u00d3N Y ALUMBRADO P\u00daBLICO EN LA NORIA"},"content":{"rendered":"\n<p class=\"wp-block-paragraph\">El presidente municipal de Huimilpan, Jairo Morales, acompa\u00f1ado por el secretario de Obras P\u00fablicas, V\u00edctor Eduardo Gardu\u00f1o Fonseca; el regidor Jos\u00e9 Filem\u00f3n G\u00f3mez Lara; el delegado de La Noria, Ad\u00e1n Trejo Villanueva; el presidente del Comit\u00e9 de Obra, Jos\u00e9 Juan Villanueva Salinas, y habitantes de la comunidad, encabez\u00f3 el arranque de la ampliaci\u00f3n y modernizaci\u00f3n de la red el\u00e9ctrica y del alumbrado p\u00fablico.<br><br>Esta obra beneficiar\u00e1 a m\u00e1s de mil 600 habitantes y contempla 739 metros de alumbrado p\u00fablico, 100 metros de ampliaci\u00f3n y 200 metros de modernizaci\u00f3n de la red el\u00e9ctrica, adem\u00e1s de la instalaci\u00f3n de 20 postes, dos transformadores y 35 luminarias viales con tecnolog\u00eda LED.<br><br>\u201cEstamos atendiendo una petici\u00f3n importante de las familias de La Noria. Esta obra significa calles mejor iluminadas, mayor tranquilidad y condiciones m\u00e1s seguras para quienes todos los d\u00edas transitan por esta zona\u201d, expres\u00f3 Jairo Morales.<br><br>El alcalde destac\u00f3 que el proyecto responde a uno de los principales compromisos asumidos con la comunidad y forma parte del trabajo permanente para ampliar los servicios b\u00e1sicos en Huimilpan.<br><br>Finalmente, Jairo Morales asegur\u00f3 que su administraci\u00f3n continuar\u00e1 escuchando y trabajando directamente con las comunidades, para que cada obra responda a una necesidad real y se traduzca en mejores condiciones de vida para las familias huimilpenses.<br><br><br><br><br>.<br>@Huimilpan Quer\u00e9taro.<br>@municipiodehuimilpan <br>@Jairo Morales <br>@jairomoralesmtz <br>@Karen Serv\u00edn <br>@karenservin.mx <br>@destacar<br>@compartir<br>@seguidores<br>@followers<br>@Al mill\u00f3n y m\u00e1s <br>@almillonymas<br>@Quer\u00e9taro Vive Con Famosos <br>@queretaroviveconfamosos <br><br><br>#Huimilpan<br>#TodoPorHuimilpan<br>#JairoMorales<br>#QueretaroViveConFamosos<br>#AlMillonYMas<br>#Viral<br>#ViralTikTok <br>#Destacar<br>#Compartir<br>#Seguidores<br>#Followers<br>#EnVivo<br>#UltimasNoticias<br>#Mexico<br>#Queretaro<br> <\/p>\n","protected":false},"excerpt":{"rendered":"<p>El presidente municipal de Huimilpan, Jairo Morales, acompa\u00f1ado por el secretario de Obras P\u00fablicas, V\u00edctor Eduardo Gardu\u00f1o Fonseca; el regidor Jos\u00e9 Filem\u00f3n G\u00f3mez Lara; el<\/p>\n","protected":false},"author":1,"featured_media":4764,"comment_status":"open","ping_status":"open","sticky":false,"template":"","format":"standard","meta":{"footnotes":"","jetpack_publicize_message":"","jetpack_publicize_feature_enabled":true,"jetpack_social_post_already_shared":true,"jetpack_social_options":{"image_generator_settings":{"template":"highway","default_image_id":0,"font":"","enabled":false},"version":2},"jetpack_post_was_ever_published":false},"categories":[112,111,15],"tags":[],"class_list":["post-4765","post","type-post","status-publish","format-standard","has-post-thumbnail","hentry","category-huimilpan","category-jairo-morales","category-municipios-de-queretaro"],"jetpack_publicize_connections":[],"jetpack_sharing_enabled":true,"jetpack_featured_media_url":"https:\/\/queretaroviveconfamosos.com\/wp-content\/uploads\/2026\/08\/IMG-20260826-WA0028.jpg","_links":{"self":[{"href":"https:\/\/queretaroviveconfamosos.com\/index.php?rest_route=\/wp\/v2\/posts\/4765","targetHints":{"allow":["GET"]}}],"collection":[{"href":"https:\/\/queretaroviveconfamosos.com\/index.php?rest_route=\/wp\/v2\/posts"}],"about":[{"href":"https:\/\/queretaroviveconfamosos.com\/index.php?rest_route=\/wp\/v2\/types\/post"}],"author":[{"embeddable":true,"href":"https:\/\/queretaroviveconfamosos.com\/index.php?rest_route=\/wp\/v2\/users\/1"}],"replies":[{"embeddable":true,"href":"https:\/\/queretaroviveconfamosos.com\/index.php?rest_route=%2Fwp%2Fv2%2Fcomments&post=4765"}],"version-history":[{"count":0,"href":"https:\/\/queretaroviveconfamosos.com\/index.php?rest_route=\/wp\/v2\/posts\/4765\/revisions"}],"wp:featuredmedia":[{"embeddable":true,"href":"https:\/\/queretaroviveconfamosos.com\/index.php?rest_route=\/wp\/v2\/media\/4764"}],"wp:attachment":[{"href":"https:\/\/queretaroviveconfamosos.com\/index.php?rest_route=%2Fwp%2Fv2%2Fmedia&parent=4765"}],"wp:term":[{"taxonomy":"category","embeddable":true,"href":"https:\/\/queretaroviveconfamosos.com\/index.php?rest_route=%2Fwp%2Fv2%2Fcategories&post=4765"},{"taxonomy":"post_tag","embeddable":true,"href":"https:\/\/queretaroviveconfamosos.com\/index.php?rest_route=%2Fwp%2Fv2%2Ftags&post=4765"}],"curies":[{"name":"wp","href":"https:\/\/api.w.org\/{rel}","templated":true}]}}