{"id":4763,"date":"2026-08-26T17:59:22","date_gmt":"2026-08-26T23:59:22","guid":{"rendered":"https:\/\/queretaroviveconfamosos.com\/?p=4763"},"modified":"2026-08-26T17:59:22","modified_gmt":"2026-08-26T23:59:22","slug":"cirque-du-soleil-echo-levanta-su-carpa-en-queretaro","status":"publish","type":"post","link":"https:\/\/queretaroviveconfamosos.com\/?p=4763","title":{"rendered":"Cirque Du Soleil ECHO levanta su carpa en Quer\u00e9taro."},"content":{"rendered":"\n<p class=\"wp-block-paragraph\"><br><br>Este mi\u00e9rcoles 26 de agosto se realizo un recorrido para presenciar el levantamiento de la gran carpa de Cirque Du Soleil.<br><br>Este nuevo show de Cirque Du Soleil ECHO inicia sus presentaciones en la ciudad de Quer\u00e9taro donde estar\u00e1 del 03 al 27 de septiembre en el Aut\u00f3dromo de Quer\u00e9taro.<br><br>Durante el recorrido pudimos conversar con algunos de los encargados de este montaje como Kevin Albert, publicista del show, el cual coment\u00f3 que este show pudo realizarse en Quer\u00e9taro gracias a las adecuaciones echas en el Aut\u00f3dromo de Quer\u00e9taro.<br><br>Un espect\u00e1culo que cuanta con mas de 53 artistas, donde el show nos habla de la conexi\u00f3n de los humanos con&nbsp; la naturaleza.<br><br>Aun pueden adquirir sus boletos por el sistema de @eticketmx<br>https:\/\/www.eticket.mx\/eventos.aspx?idartista=4130<br><br>.<br>@Cirque du Soleil ECHO <br>@echo_cirquedusoleil <br>@cirquedusoleil <br>@Escenario OCESA <br>@escenarioocesa <br>@Idevymark <br>@idevymark <br>@autodromoqueretaro <br>@ocesa <br>@destacar <br>@compartir <br>@seguidores <br>@followers <br>@Al mill\u00f3n y m\u00e1s <br>@almillonymas <br>@Quer\u00e9taro Vive Con Famosos <br>@queretaroviveconfamosos <br><br>#CirqueDuSoleil<br>#ECHOCirque<br>#Idevymark<br>#IdevyFan<br>#QueretaroViveConFamosos<br>#AlMillonYMas<br>#Ocesa<br>#Viral<br>#ViralTikTik<br>#Destacar<br>#Compartir<br>#Seguidores<br>#Followers<br>#EnVivo<br>#UltimasNoticias<br>#03Septiembre2026<br>#Jueves03Septiembre2026<br>#Mexico<br>#Queretaro<\/p>\n","protected":false},"excerpt":{"rendered":"<p>Este mi\u00e9rcoles 26 de agosto se realizo un recorrido para presenciar el levantamiento de la gran carpa de Cirque Du Soleil. Este nuevo show de<\/p>\n","protected":false},"author":1,"featured_media":4762,"comment_status":"open","ping_status":"open","sticky":false,"template":"","format":"standard","meta":{"footnotes":"","jetpack_publicize_message":"","jetpack_publicize_feature_enabled":true,"jetpack_social_post_already_shared":true,"jetpack_social_options":{"image_generator_settings":{"template":"highway","default_image_id":0,"font":"","enabled":false},"version":2},"jetpack_post_was_ever_published":false},"categories":[457,13,29],"tags":[],"class_list":["post-4763","post","type-post","status-publish","format-standard","has-post-thumbnail","hentry","category-cirque-du-soleil","category-espectaculos","category-idevymark"],"jetpack_publicize_connections":[],"jetpack_sharing_enabled":true,"jetpack_featured_media_url":"https:\/\/queretaroviveconfamosos.com\/wp-content\/uploads\/2026\/08\/IMG-20260826-WA0206.jpg","_links":{"self":[{"href":"https:\/\/queretaroviveconfamosos.com\/index.php?rest_route=\/wp\/v2\/posts\/4763","targetHints":{"allow":["GET"]}}],"collection":[{"href":"https:\/\/queretaroviveconfamosos.com\/index.php?rest_route=\/wp\/v2\/posts"}],"about":[{"href":"https:\/\/queretaroviveconfamosos.com\/index.php?rest_route=\/wp\/v2\/types\/post"}],"author":[{"embeddable":true,"href":"https:\/\/queretaroviveconfamosos.com\/index.php?rest_route=\/wp\/v2\/users\/1"}],"replies":[{"embeddable":true,"href":"https:\/\/queretaroviveconfamosos.com\/index.php?rest_route=%2Fwp%2Fv2%2Fcomments&post=4763"}],"version-history":[{"count":0,"href":"https:\/\/queretaroviveconfamosos.com\/index.php?rest_route=\/wp\/v2\/posts\/4763\/revisions"}],"wp:featuredmedia":[{"embeddable":true,"href":"https:\/\/queretaroviveconfamosos.com\/index.php?rest_route=\/wp\/v2\/media\/4762"}],"wp:attachment":[{"href":"https:\/\/queretaroviveconfamosos.com\/index.php?rest_route=%2Fwp%2Fv2%2Fmedia&parent=4763"}],"wp:term":[{"taxonomy":"category","embeddable":true,"href":"https:\/\/queretaroviveconfamosos.com\/index.php?rest_route=%2Fwp%2Fv2%2Fcategories&post=4763"},{"taxonomy":"post_tag","embeddable":true,"href":"https:\/\/queretaroviveconfamosos.com\/index.php?rest_route=%2Fwp%2Fv2%2Ftags&post=4763"}],"curies":[{"name":"wp","href":"https:\/\/api.w.org\/{rel}","templated":true}]}}