{"id":4758,"date":"2026-08-25T16:31:12","date_gmt":"2026-08-25T22:31:12","guid":{"rendered":"https:\/\/queretaroviveconfamosos.com\/?p=4758"},"modified":"2026-08-25T16:31:12","modified_gmt":"2026-08-25T22:31:12","slug":"alejandra-guzman-se-prepara-para-regresar-a-queretaro","status":"publish","type":"post","link":"https:\/\/queretaroviveconfamosos.com\/?p=4758","title":{"rendered":"Alejandra Guzman se prepara para regresar a Quer\u00e9taro."},"content":{"rendered":"\n<p class=\"wp-block-paragraph\">Este martes 25 de agosto Alejandra Guzman dio una rueda de prensa virtual para anunciar su pr\u00f3ximo concierto en la ciudad de Quer\u00e9taro. <br><br>La cantante mexicana regresa a Quer\u00e9taro presentando su nueva gira \u00abLos que nos quedamos tour 2026&#8243; una gira que, con sus propias palabras, un show con m\u00e1s producci\u00f3n\u00bb.<br><br>Una de las primeras fechas de su nueva gira, donde recorrer\u00e1 varias ciudades de M\u00e9xico y Quer\u00e9taro ser\u00e1 la primera en vivir este gran show.<br><br>Los esperamos este viernes 28 de agosto a las 21:00 hrs en el Auditorio Josefa Ortiz de Dom\u00ednguez. <br><br>Venta de boletos por el sistema de @eticketmx&nbsp; https:\/\/www.eticket.mx\/masinformacion.aspx?idevento=35376<br><br><br>@Alejandra Guzman <br>@laguzmanmx <br>@team.guzman <br>@laguzmanmusic <br>@Ventix Espect\u00e1culos <br>@ventix_e <br>@Coco Diaz <br>@cocodiazbooking <br>@Herca Stage <br>@hercastage <br>@Grand Stage Productions <br>@grandstagemx <br>@destacar<br>@compartir<br>@seguidores<br>@followers<br>@Al mill\u00f3n y m\u00e1s <br>@almillonymas <br>@Quer\u00e9taro Vive Con Famosos <br>@queretaroviveconfamosos <br><br>#AlejandraGuzman<br>#LaGuzman<br>#LosQueNosQuedamosTour <br>#QueretaroViveConFamosos<br>#AlMillonYMas<br>#Viral<br>#ViralTikTok <br>#Destacar<br>#Compartir<br>#Seguidores<br>#Followers<br>#EnVivo<br>#UltimasNoticias <br>#28Agosto2026<br>#Viernes28Agosto2026<br>#Mexico <br>#Queretaro<\/p>\n","protected":false},"excerpt":{"rendered":"<p>Este martes 25 de agosto Alejandra Guzman dio una rueda de prensa virtual para anunciar su pr\u00f3ximo concierto en la ciudad de Quer\u00e9taro. La cantante<\/p>\n","protected":false},"author":1,"featured_media":4757,"comment_status":"open","ping_status":"open","sticky":false,"template":"","format":"standard","meta":{"footnotes":"","jetpack_publicize_message":"","jetpack_publicize_feature_enabled":true,"jetpack_social_post_already_shared":true,"jetpack_social_options":{"image_generator_settings":{"template":"highway","default_image_id":0,"font":"","enabled":false},"version":2},"jetpack_post_was_ever_published":false},"categories":[158,13,426],"tags":[],"class_list":["post-4758","post","type-post","status-publish","format-standard","has-post-thumbnail","hentry","category-alejandra-guzman","category-espectaculos","category-grand-stage"],"jetpack_publicize_connections":[],"jetpack_sharing_enabled":true,"jetpack_featured_media_url":"https:\/\/queretaroviveconfamosos.com\/wp-content\/uploads\/2026\/08\/IMG-20260825-WA0076.jpg","_links":{"self":[{"href":"https:\/\/queretaroviveconfamosos.com\/index.php?rest_route=\/wp\/v2\/posts\/4758","targetHints":{"allow":["GET"]}}],"collection":[{"href":"https:\/\/queretaroviveconfamosos.com\/index.php?rest_route=\/wp\/v2\/posts"}],"about":[{"href":"https:\/\/queretaroviveconfamosos.com\/index.php?rest_route=\/wp\/v2\/types\/post"}],"author":[{"embeddable":true,"href":"https:\/\/queretaroviveconfamosos.com\/index.php?rest_route=\/wp\/v2\/users\/1"}],"replies":[{"embeddable":true,"href":"https:\/\/queretaroviveconfamosos.com\/index.php?rest_route=%2Fwp%2Fv2%2Fcomments&post=4758"}],"version-history":[{"count":0,"href":"https:\/\/queretaroviveconfamosos.com\/index.php?rest_route=\/wp\/v2\/posts\/4758\/revisions"}],"wp:featuredmedia":[{"embeddable":true,"href":"https:\/\/queretaroviveconfamosos.com\/index.php?rest_route=\/wp\/v2\/media\/4757"}],"wp:attachment":[{"href":"https:\/\/queretaroviveconfamosos.com\/index.php?rest_route=%2Fwp%2Fv2%2Fmedia&parent=4758"}],"wp:term":[{"taxonomy":"category","embeddable":true,"href":"https:\/\/queretaroviveconfamosos.com\/index.php?rest_route=%2Fwp%2Fv2%2Fcategories&post=4758"},{"taxonomy":"post_tag","embeddable":true,"href":"https:\/\/queretaroviveconfamosos.com\/index.php?rest_route=%2Fwp%2Fv2%2Ftags&post=4758"}],"curies":[{"name":"wp","href":"https:\/\/api.w.org\/{rel}","templated":true}]}}