{"id":4756,"date":"2026-08-25T16:00:45","date_gmt":"2026-08-25T22:00:45","guid":{"rendered":"https:\/\/queretaroviveconfamosos.com\/?p=4756"},"modified":"2026-08-25T16:00:45","modified_gmt":"2026-08-25T22:00:45","slug":"el-mercado-el-tepetate-celebra-su-47-aniversario","status":"publish","type":"post","link":"https:\/\/queretaroviveconfamosos.com\/?p=4756","title":{"rendered":"El Mercado el Tepetate celebra su 47 aniversario. <br>"},"content":{"rendered":"\n<p class=\"wp-block-paragraph\"><br>Este martes 25 de agosto se dio una rueda de prensa para anunciar las actividades que se tienen programadas para celebrar su 47 aniversario del mercado Benito Ju\u00e1rez \u00abEl Tepetate\u00bb.<br><br>Una celebraci\u00f3n donde se tendran diversas actividades como rifas de electrodom\u00e9sticos, diversos platillos de comida y varios grupos musicales.<br><br>La celebraci\u00f3n esta programada para el viernes 28 de agosto, donde comenzar\u00e1 con una misa de acci\u00f3n de gracias, y de ah\u00ed siguen las actividades programadas. <br><br>Entre las presentaciones musicales programadas estan la de Alberto \u00c1guila, el Dueto Bernaculo, Luz Mar\u00eda, Grupo In\u00e9dito Adigma, Banda Vaquera y Los Caminantes.<br><br>.<br>@Mercado Benito Ju\u00e1rez el Tepe nueva era <br>@Alberto \u00c1guila \u00abLa voz Gemela del divo\u00bb&nbsp; <br>@albertoaguilagarcia <br>@Luz Maria Ramirez <br>@luzmariaramirezoficial <br>@Grupo In\u00e9dito Adigma <br>@inedito_adigma <br>@Banda Vaquera <br>@bandavaquera <br>@Los Idolos De Gto Caminantes <br>@La Banda Es La Que Manda TV <br>@labandaeslaquemanda <br>@Pirru Hern\u00e1ndez Castillo <br>@pirru_hernandez_castillo <br>@destacar <br>@compartir <br>@seguidores <br>@followers <br>@Al mill\u00f3n y m\u00e1s <br>@almillonymas <br>@Quer\u00e9taro Vive Con Famosos <br>@queretaroviveconfamosos <br><br><br><br>#MercadoBenitoJuarezElTepe<br>#QueretaroViveConFamosos<br>#AlMillonYMas<br>#Viral<br>#ViralTikTok<br>#Destacar<br>#Compartir<br>#Seguidores<br>#Followers<br>#EnVivo<br>#UltimasNoticias<br>#28Agosto2026 <br>#Viernes28Agosto2026<br>#Mexico<br>#Queretaro<\/p>\n","protected":false},"excerpt":{"rendered":"<p>Este martes 25 de agosto se dio una rueda de prensa para anunciar las actividades que se tienen programadas para celebrar su 47 aniversario del<\/p>\n","protected":false},"author":1,"featured_media":4755,"comment_status":"open","ping_status":"open","sticky":false,"template":"","format":"standard","meta":{"footnotes":"","jetpack_publicize_message":"","jetpack_publicize_feature_enabled":true,"jetpack_social_post_already_shared":true,"jetpack_social_options":{"image_generator_settings":{"template":"highway","default_image_id":0,"font":"","enabled":false},"version":2},"jetpack_post_was_ever_published":false},"categories":[13,527],"tags":[],"class_list":["post-4756","post","type-post","status-publish","format-standard","has-post-thumbnail","hentry","category-espectaculos","category-mercado-el-tepetate"],"jetpack_publicize_connections":[],"jetpack_sharing_enabled":true,"jetpack_featured_media_url":"https:\/\/queretaroviveconfamosos.com\/wp-content\/uploads\/2026\/08\/IMG-20260825-WA0052.jpg","_links":{"self":[{"href":"https:\/\/queretaroviveconfamosos.com\/index.php?rest_route=\/wp\/v2\/posts\/4756","targetHints":{"allow":["GET"]}}],"collection":[{"href":"https:\/\/queretaroviveconfamosos.com\/index.php?rest_route=\/wp\/v2\/posts"}],"about":[{"href":"https:\/\/queretaroviveconfamosos.com\/index.php?rest_route=\/wp\/v2\/types\/post"}],"author":[{"embeddable":true,"href":"https:\/\/queretaroviveconfamosos.com\/index.php?rest_route=\/wp\/v2\/users\/1"}],"replies":[{"embeddable":true,"href":"https:\/\/queretaroviveconfamosos.com\/index.php?rest_route=%2Fwp%2Fv2%2Fcomments&post=4756"}],"version-history":[{"count":0,"href":"https:\/\/queretaroviveconfamosos.com\/index.php?rest_route=\/wp\/v2\/posts\/4756\/revisions"}],"wp:featuredmedia":[{"embeddable":true,"href":"https:\/\/queretaroviveconfamosos.com\/index.php?rest_route=\/wp\/v2\/media\/4755"}],"wp:attachment":[{"href":"https:\/\/queretaroviveconfamosos.com\/index.php?rest_route=%2Fwp%2Fv2%2Fmedia&parent=4756"}],"wp:term":[{"taxonomy":"category","embeddable":true,"href":"https:\/\/queretaroviveconfamosos.com\/index.php?rest_route=%2Fwp%2Fv2%2Fcategories&post=4756"},{"taxonomy":"post_tag","embeddable":true,"href":"https:\/\/queretaroviveconfamosos.com\/index.php?rest_route=%2Fwp%2Fv2%2Ftags&post=4756"}],"curies":[{"name":"wp","href":"https:\/\/api.w.org\/{rel}","templated":true}]}}