{"id":2650,"date":"2026-04-27T15:31:59","date_gmt":"2026-04-27T21:31:59","guid":{"rendered":"https:\/\/queretaroviveconfamosos.com\/?p=2650"},"modified":"2026-04-27T15:31:59","modified_gmt":"2026-04-27T21:31:59","slug":"la-cercania-se-demuestra-con-resultados","status":"publish","type":"post","link":"https:\/\/queretaroviveconfamosos.com\/?p=2650","title":{"rendered":"La cercan\u00eda se demuestra con resultados"},"content":{"rendered":"\n<p>La pol\u00edtica de puertas abiertas del Gobierno Municipal sigue dando respuesta a las y los escobedenses.<br>\u00a0<br>Esta ma\u00f1ana, en el Jard\u00edn Reforma, se llev\u00f3 a cabo la jornada de atenci\u00f3n ciudadana n\u00famero 38 \u2014la tercera del a\u00f1o\u2014, donde el presidente municipal, Beto Nava, atendi\u00f3 de manera directa a 21 ciudadanos, escuchando y dando seguimiento puntual a sus planteamientos.<br>\u00a0<br>De forma paralela, las dependencias municipales brindaron atenci\u00f3n a 60 personas m\u00e1s, canalizando diversas solicitudes tanto individuales como comunitarias.<br>\u00a0<br>Estos espacios fortalecen la confianza ciudadana y permiten atender de manera directa y eficiente las necesidades de la poblaci\u00f3n.<br><br><br><br>.<br>@Municipio de Pedro Escobedo <br>@pedroescobedompio <br>@Beto Nava <br>@betonavacz <br>@destacar<br>@compartir<br>@seguidores<br>@followers<br>@Al mill\u00f3n y m\u00e1s <br>@almillonymas<br>@Quer\u00e9taro Vive Con Famosos <br>@queretaroviveconfamosos <br><br><br>#PedroEscobedo<br>#JuanAlbertoNavaCruz<br>#QueretaroViveConFamosos<br>#AlMillonYMas<br>#Viral<br>#ViralTikTok<br>#Destacar<br>#Compartir<br>#Seguidores<br>#Followers<br>#EnVivo<br>#UltimasNoticias<br>#Mexico<br>#Queretaro<br><\/p>\n","protected":false},"excerpt":{"rendered":"<p>La pol\u00edtica de puertas abiertas del Gobierno Municipal sigue dando respuesta a las y los escobedenses.\u00a0Esta ma\u00f1ana, en el Jard\u00edn Reforma, se llev\u00f3 a cabo<\/p>\n","protected":false},"author":1,"featured_media":2649,"comment_status":"open","ping_status":"open","sticky":true,"template":"","format":"standard","meta":{"_monsterinsights_skip_tracking":false,"_monsterinsights_sitenote_active":false,"_monsterinsights_sitenote_note":"","_monsterinsights_sitenote_category":0,"_jetpack_memberships_contains_paid_content":false,"footnotes":"","jetpack_publicize_message":"","jetpack_publicize_feature_enabled":true,"jetpack_social_post_already_shared":true,"jetpack_social_options":{"image_generator_settings":{"template":"highway","default_image_id":0,"font":"","enabled":false},"version":2}},"categories":[24,15,23,5],"tags":[],"class_list":["post-2650","post","type-post","status-publish","format-standard","has-post-thumbnail","hentry","category-beto-nava","category-municipios-de-queretaro","category-pedro-escobedo","category-politica"],"jetpack_publicize_connections":[],"jetpack_featured_media_url":"https:\/\/queretaroviveconfamosos.com\/wp-content\/uploads\/2026\/04\/IMG-20260427-WA0112.jpg","jetpack_sharing_enabled":true,"_links":{"self":[{"href":"https:\/\/queretaroviveconfamosos.com\/index.php?rest_route=\/wp\/v2\/posts\/2650","targetHints":{"allow":["GET"]}}],"collection":[{"href":"https:\/\/queretaroviveconfamosos.com\/index.php?rest_route=\/wp\/v2\/posts"}],"about":[{"href":"https:\/\/queretaroviveconfamosos.com\/index.php?rest_route=\/wp\/v2\/types\/post"}],"author":[{"embeddable":true,"href":"https:\/\/queretaroviveconfamosos.com\/index.php?rest_route=\/wp\/v2\/users\/1"}],"replies":[{"embeddable":true,"href":"https:\/\/queretaroviveconfamosos.com\/index.php?rest_route=%2Fwp%2Fv2%2Fcomments&post=2650"}],"version-history":[{"count":0,"href":"https:\/\/queretaroviveconfamosos.com\/index.php?rest_route=\/wp\/v2\/posts\/2650\/revisions"}],"wp:featuredmedia":[{"embeddable":true,"href":"https:\/\/queretaroviveconfamosos.com\/index.php?rest_route=\/wp\/v2\/media\/2649"}],"wp:attachment":[{"href":"https:\/\/queretaroviveconfamosos.com\/index.php?rest_route=%2Fwp%2Fv2%2Fmedia&parent=2650"}],"wp:term":[{"taxonomy":"category","embeddable":true,"href":"https:\/\/queretaroviveconfamosos.com\/index.php?rest_route=%2Fwp%2Fv2%2Fcategories&post=2650"},{"taxonomy":"post_tag","embeddable":true,"href":"https:\/\/queretaroviveconfamosos.com\/index.php?rest_route=%2Fwp%2Fv2%2Ftags&post=2650"}],"curies":[{"name":"wp","href":"https:\/\/api.w.org\/{rel}","templated":true}]}}