{"id":2648,"date":"2026-04-27T15:01:08","date_gmt":"2026-04-27T21:01:08","guid":{"rendered":"https:\/\/queretaroviveconfamosos.com\/?p=2648"},"modified":"2026-04-27T15:01:08","modified_gmt":"2026-04-27T21:01:08","slug":"nodal-cierra-con-broche-de-oro-ezequiel-montes","status":"publish","type":"post","link":"https:\/\/queretaroviveconfamosos.com\/?p=2648","title":{"rendered":"Nodal cierra con broche de oro Ezequiel Montes.<br>"},"content":{"rendered":"\n<p>Este domingo 26 de abril se present\u00f3 Christian Nodal en el Palenque de Ezequiel Montes. <br><br>Como cierre de la feria en su edici\u00f3n 2026 se tuvo la presentaci\u00f3n estelar de Christian Nodal en Ezequiel Montes, siendo uno de los artistas del momento, el cantante mexicano se dio cita ante miles de sus seguidores para cantar cada uno de sus \u00e9xitos como \u00abAqui abajo\u00bb, \u00abTe falle\u00bb, \u00abAYAYAY!\u00bb y mas de sus temas.<br><br>Como invitados especiales tuvo a Los Plebes del Rancho de Ariel Camacho, con los cuales pudo cantar algunos temas como es \u00ab2 veces\u00bb.<br><br>Un show que duro mas de dos horas y donde Nodal no paro de agradecer al p\u00fablico queretano su apoyo incondicional y siempre estar ah\u00ed con \u00e9l.<br><br>Agradecemos las atenciones a la empresa UG MUSIC.<br><br>.<br>@Christian Nodal<br>@nodal<br>@nodalista_jr <br>@nodalistascnoficial <br>@nodalngela_fans <br>@angela.nodal_ <br>@nodallatam <br>@nodal.angelitxs_ <br>@nodalyangellavibes<br>@Star Media Consulting <br>@starmediaconsulting <br>@UG MUSIC <br>@Feria Ezequiel Montes 2026<br>@Gobierno Municipal de Ezequiel Montes <br>@gobiernoezequielmontes <br>@Iv\u00e1n Res\u00e9ndiz Ram\u00edrez <br>@ing_ivan_resendiz <br>@_ivannaelizabeth_<br>@destacar<br>@compartir<br>@seguidores<br>@followers<br>@Al mill\u00f3n y m\u00e1s <br>@almillonymas<br>@Quer\u00e9taro Vive Con Famosos <br>@queretaroviveconfamosos <br><br><br>#ChristianNodal<br>#EzequielMontes<br>#IvanResendiz<br>#QueretaroViveConFamosos<br>#AlMillonYMas<br>#Regional <br>#RegionalMexicano <br>#Viral <br>#ViralTikTok<br>#Destacar<br>#Compartir<br>#Seguidores<br>#Followers<br>#EnVivo<br>#UltimasNoticias<br>#26Abril2026<br>#Domingo26Abril2026<br>#Mexico<br>#Queretaro<\/p>\n","protected":false},"excerpt":{"rendered":"<p>Este domingo 26 de abril se present\u00f3 Christian Nodal en el Palenque de Ezequiel Montes. Como cierre de la feria en su edici\u00f3n 2026 se<\/p>\n","protected":false},"author":1,"featured_media":2647,"comment_status":"open","ping_status":"open","sticky":true,"template":"","format":"standard","meta":{"_monsterinsights_skip_tracking":false,"_monsterinsights_sitenote_active":false,"_monsterinsights_sitenote_note":"","_monsterinsights_sitenote_category":0,"_jetpack_memberships_contains_paid_content":false,"footnotes":"","jetpack_publicize_message":"","jetpack_publicize_feature_enabled":true,"jetpack_social_post_already_shared":true,"jetpack_social_options":{"image_generator_settings":{"template":"highway","default_image_id":0,"font":"","enabled":false},"version":2}},"categories":[55,30,13,7,8,15],"tags":[],"class_list":["post-2648","post","type-post","status-publish","format-standard","has-post-thumbnail","hentry","category-christian-nodal","category-concierto","category-espectaculos","category-ezequiel-montes","category-ivan-resendiz","category-municipios-de-queretaro"],"jetpack_publicize_connections":[],"jetpack_featured_media_url":"https:\/\/queretaroviveconfamosos.com\/wp-content\/uploads\/2026\/04\/IMG-20260427-WA0058.jpg","jetpack_sharing_enabled":true,"_links":{"self":[{"href":"https:\/\/queretaroviveconfamosos.com\/index.php?rest_route=\/wp\/v2\/posts\/2648","targetHints":{"allow":["GET"]}}],"collection":[{"href":"https:\/\/queretaroviveconfamosos.com\/index.php?rest_route=\/wp\/v2\/posts"}],"about":[{"href":"https:\/\/queretaroviveconfamosos.com\/index.php?rest_route=\/wp\/v2\/types\/post"}],"author":[{"embeddable":true,"href":"https:\/\/queretaroviveconfamosos.com\/index.php?rest_route=\/wp\/v2\/users\/1"}],"replies":[{"embeddable":true,"href":"https:\/\/queretaroviveconfamosos.com\/index.php?rest_route=%2Fwp%2Fv2%2Fcomments&post=2648"}],"version-history":[{"count":0,"href":"https:\/\/queretaroviveconfamosos.com\/index.php?rest_route=\/wp\/v2\/posts\/2648\/revisions"}],"wp:featuredmedia":[{"embeddable":true,"href":"https:\/\/queretaroviveconfamosos.com\/index.php?rest_route=\/wp\/v2\/media\/2647"}],"wp:attachment":[{"href":"https:\/\/queretaroviveconfamosos.com\/index.php?rest_route=%2Fwp%2Fv2%2Fmedia&parent=2648"}],"wp:term":[{"taxonomy":"category","embeddable":true,"href":"https:\/\/queretaroviveconfamosos.com\/index.php?rest_route=%2Fwp%2Fv2%2Fcategories&post=2648"},{"taxonomy":"post_tag","embeddable":true,"href":"https:\/\/queretaroviveconfamosos.com\/index.php?rest_route=%2Fwp%2Fv2%2Ftags&post=2648"}],"curies":[{"name":"wp","href":"https:\/\/api.w.org\/{rel}","templated":true}]}}