{"id":2642,"date":"2026-04-26T14:17:45","date_gmt":"2026-04-26T20:17:45","guid":{"rendered":"https:\/\/queretaroviveconfamosos.com\/?p=2642"},"modified":"2026-04-26T14:17:45","modified_gmt":"2026-04-26T20:17:45","slug":"saul-el-jaguar-llega-a-ezequiel-montes","status":"publish","type":"post","link":"https:\/\/queretaroviveconfamosos.com\/?p=2642","title":{"rendered":"Sa\u00fal el Jaguar llega a Ezequiel Montes"},"content":{"rendered":"\n<p>Este s\u00e1bado 25 de abril Sa\u00fal Alarc\u00f3n mejor conocido como Sa\u00fal el Jaguar arribo al recinto ferial de Ezequiel Montes para dar su concierto.<br><br>Como primer artista de la noche Sa\u00fal subio al escenario del Palenque para tocar sus temas como \u00abN\u00famero equivocado\u00bb, \u00abLa luna\u00bb y mas de sus canciones.<br><br>Agradecemos las facilidades otorgadas a la empresa UG Music.<br><br>.<br>@Saul el jaguar<br>@sauleljaguar<br>@503 Music <br>@503musicoficial <br>@tonyaguilar1<br>@UG MUSIC <br>@Feria Ezequiel Montes 2026 <br>@Gobierno Municipal de Ezequiel Montes <br>@gobiernoezequielmontes <br>@Iv\u00e1n Res\u00e9ndiz Ram\u00edrez <br>@ing_ivan_resendiz <br>@_ivannaelizabeth_<br>@destacar<br>@compartir<br>@seguidores<br>@followers<br>@Al mill\u00f3n y m\u00e1s <br>@almillonymas<br>@Quer\u00e9taro Vive Con Famosos <br>@queretaroviveconfamosos <br><br>#SaulElJaguar<br>#EzequielMontes <br>#IvanResendiz<br>#QueretaroViveConFamosos<br>#AlMillonYMas<br>#Regional<br>#RegionalMexicano <br>#Viral<br>#ViralTikTok<br>#Destacar<br>#Compartir<br>#Seguidores<br>#Followers<br>#EnVivo<br>#UltimasNoticias<br>#25Abril2026<br>#Sabado25Abril2026<br>#Mexico<br>#Queretaro<\/p>\n","protected":false},"excerpt":{"rendered":"<p>Este s\u00e1bado 25 de abril Sa\u00fal Alarc\u00f3n mejor conocido como Sa\u00fal el Jaguar arribo al recinto ferial de Ezequiel Montes para dar su concierto. Como<\/p>\n","protected":false},"author":1,"featured_media":2641,"comment_status":"open","ping_status":"open","sticky":true,"template":"","format":"standard","meta":{"_monsterinsights_skip_tracking":false,"_monsterinsights_sitenote_active":false,"_monsterinsights_sitenote_note":"","_monsterinsights_sitenote_category":0,"_jetpack_memberships_contains_paid_content":false,"footnotes":"","jetpack_publicize_message":"","jetpack_publicize_feature_enabled":true,"jetpack_social_post_already_shared":true,"jetpack_social_options":{"image_generator_settings":{"template":"highway","default_image_id":0,"font":"","enabled":false},"version":2}},"categories":[30,13,7,8,15,456],"tags":[],"class_list":["post-2642","post","type-post","status-publish","format-standard","has-post-thumbnail","hentry","category-concierto","category-espectaculos","category-ezequiel-montes","category-ivan-resendiz","category-municipios-de-queretaro","category-saul-el-jaguar"],"jetpack_publicize_connections":[],"jetpack_featured_media_url":"https:\/\/queretaroviveconfamosos.com\/wp-content\/uploads\/2026\/04\/IMG-20260426-WA0139.jpg","jetpack_sharing_enabled":true,"_links":{"self":[{"href":"https:\/\/queretaroviveconfamosos.com\/index.php?rest_route=\/wp\/v2\/posts\/2642","targetHints":{"allow":["GET"]}}],"collection":[{"href":"https:\/\/queretaroviveconfamosos.com\/index.php?rest_route=\/wp\/v2\/posts"}],"about":[{"href":"https:\/\/queretaroviveconfamosos.com\/index.php?rest_route=\/wp\/v2\/types\/post"}],"author":[{"embeddable":true,"href":"https:\/\/queretaroviveconfamosos.com\/index.php?rest_route=\/wp\/v2\/users\/1"}],"replies":[{"embeddable":true,"href":"https:\/\/queretaroviveconfamosos.com\/index.php?rest_route=%2Fwp%2Fv2%2Fcomments&post=2642"}],"version-history":[{"count":0,"href":"https:\/\/queretaroviveconfamosos.com\/index.php?rest_route=\/wp\/v2\/posts\/2642\/revisions"}],"wp:featuredmedia":[{"embeddable":true,"href":"https:\/\/queretaroviveconfamosos.com\/index.php?rest_route=\/wp\/v2\/media\/2641"}],"wp:attachment":[{"href":"https:\/\/queretaroviveconfamosos.com\/index.php?rest_route=%2Fwp%2Fv2%2Fmedia&parent=2642"}],"wp:term":[{"taxonomy":"category","embeddable":true,"href":"https:\/\/queretaroviveconfamosos.com\/index.php?rest_route=%2Fwp%2Fv2%2Fcategories&post=2642"},{"taxonomy":"post_tag","embeddable":true,"href":"https:\/\/queretaroviveconfamosos.com\/index.php?rest_route=%2Fwp%2Fv2%2Ftags&post=2642"}],"curies":[{"name":"wp","href":"https:\/\/api.w.org\/{rel}","templated":true}]}}