{"id":2639,"date":"2026-04-26T13:46:57","date_gmt":"2026-04-26T19:46:57","guid":{"rendered":"https:\/\/queretaroviveconfamosos.com\/?p=2639"},"modified":"2026-04-26T13:53:25","modified_gmt":"2026-04-26T19:53:25","slug":"fidel-rueda-se-presenta-en-ezequiel-montes","status":"publish","type":"post","link":"https:\/\/queretaroviveconfamosos.com\/?p=2639","title":{"rendered":"Fidel Rueda se presenta en Ezequiel Montes."},"content":{"rendered":"\n<p>Este s\u00e1bado 25 de abril se present\u00f3 el cantante Fidel Rueda en la feria Ezequiel Montes 2026.<br><br>Como parte de los artistas programados para la feria llego Fidel, el cual preparo un concierto con varios de sus \u00e9xitos como son \u00abY hubo alguien\u00bb, \u00abQue te costaba\u00bb, \u00abY aunque te duela\u00bb y mas de sus sencillos que la gente no paro de corear.<br><br>Agradecemos las facilidades a la empresa UG Music.<br><br>.<br>@Fidel Rueda Oficial <br>@fidelruedaoficial <br>@UG MUSIC <br>@Feria Ezequiel Montes 2026 <br>@Gobierno Municipal de Ezequiel Montes <br>@gobiernoezequielmontes <br>@Iv\u00e1n Res\u00e9ndiz Ram\u00edrez <br>@ing_ivan_resendiz <br>@_ivannaelizabeth_<br>@destacar<br>@compartir<br>@seguidores<br>@followers<br>@Al mill\u00f3n y m\u00e1s <br>@almillonymas<br>@Quer\u00e9taro Vive Con Famosos <br>@queretaroviveconfamosos <br><br>#FidelRueda<br>#EzequielMontes <br>#IvanResendiz<br>#QueretaroViveConFamosos<br>#AlMillonYMas<br>#Regional<br>#RegionalMexicano <br>#Viral<br>#ViralTikTok<br>#Destacar<br>#Compartir<br>#Seguidores<br>#Followers<br>#EnVivo<br>#UltimasNoticias<br>#25Abril2026<br>#Sabado25Abril2026<br>#Mexico<br>#Queretaro<\/p>\n","protected":false},"excerpt":{"rendered":"<p>Este s\u00e1bado 25 de abril se present\u00f3 el cantante Fidel Rueda en la feria Ezequiel Montes 2026. Como parte de los artistas programados para la<\/p>\n","protected":false},"author":1,"featured_media":2635,"comment_status":"open","ping_status":"open","sticky":true,"template":"","format":"standard","meta":{"_monsterinsights_skip_tracking":false,"_monsterinsights_sitenote_active":false,"_monsterinsights_sitenote_note":"","_monsterinsights_sitenote_category":0,"_jetpack_memberships_contains_paid_content":false,"footnotes":"","jetpack_publicize_message":"","jetpack_publicize_feature_enabled":true,"jetpack_social_post_already_shared":true,"jetpack_social_options":{"image_generator_settings":{"template":"highway","default_image_id":0,"font":"","enabled":false},"version":2}},"categories":[30,13,7,455,8,15],"tags":[],"class_list":["post-2639","post","type-post","status-publish","format-standard","has-post-thumbnail","hentry","category-concierto","category-espectaculos","category-ezequiel-montes","category-fidel-rueda","category-ivan-resendiz","category-municipios-de-queretaro"],"jetpack_publicize_connections":[],"jetpack_featured_media_url":"https:\/\/queretaroviveconfamosos.com\/wp-content\/uploads\/2026\/04\/IMG-20260426-WA0149.jpg","jetpack_sharing_enabled":true,"_links":{"self":[{"href":"https:\/\/queretaroviveconfamosos.com\/index.php?rest_route=\/wp\/v2\/posts\/2639","targetHints":{"allow":["GET"]}}],"collection":[{"href":"https:\/\/queretaroviveconfamosos.com\/index.php?rest_route=\/wp\/v2\/posts"}],"about":[{"href":"https:\/\/queretaroviveconfamosos.com\/index.php?rest_route=\/wp\/v2\/types\/post"}],"author":[{"embeddable":true,"href":"https:\/\/queretaroviveconfamosos.com\/index.php?rest_route=\/wp\/v2\/users\/1"}],"replies":[{"embeddable":true,"href":"https:\/\/queretaroviveconfamosos.com\/index.php?rest_route=%2Fwp%2Fv2%2Fcomments&post=2639"}],"version-history":[{"count":1,"href":"https:\/\/queretaroviveconfamosos.com\/index.php?rest_route=\/wp\/v2\/posts\/2639\/revisions"}],"predecessor-version":[{"id":2640,"href":"https:\/\/queretaroviveconfamosos.com\/index.php?rest_route=\/wp\/v2\/posts\/2639\/revisions\/2640"}],"wp:featuredmedia":[{"embeddable":true,"href":"https:\/\/queretaroviveconfamosos.com\/index.php?rest_route=\/wp\/v2\/media\/2635"}],"wp:attachment":[{"href":"https:\/\/queretaroviveconfamosos.com\/index.php?rest_route=%2Fwp%2Fv2%2Fmedia&parent=2639"}],"wp:term":[{"taxonomy":"category","embeddable":true,"href":"https:\/\/queretaroviveconfamosos.com\/index.php?rest_route=%2Fwp%2Fv2%2Fcategories&post=2639"},{"taxonomy":"post_tag","embeddable":true,"href":"https:\/\/queretaroviveconfamosos.com\/index.php?rest_route=%2Fwp%2Fv2%2Ftags&post=2639"}],"curies":[{"name":"wp","href":"https:\/\/api.w.org\/{rel}","templated":true}]}}