{"id":2626,"date":"2026-04-24T20:53:58","date_gmt":"2026-04-25T02:53:58","guid":{"rendered":"https:\/\/queretaroviveconfamosos.com\/?p=2626"},"modified":"2026-04-24T20:53:58","modified_gmt":"2026-04-25T02:53:58","slug":"colon-fortalece-relaciones-bilaterales-con-brasil-en-congreso-empresarial","status":"publish","type":"post","link":"https:\/\/queretaroviveconfamosos.com\/?p=2626","title":{"rendered":"Col\u00f3n Fortalece Relaciones Bilaterales con Brasil en Congreso Empresarial"},"content":{"rendered":"\n<p>Con el respaldo y la visi\u00f3n del Alcalde Gaspar Trueba Moncada para posicionar a Col\u00f3n en el escenario internacional, el municipio fue sede del Congreso de la C\u00e1mara de Empresarios de Brasil, evento que consolid\u00f3 los lazos de colaboraci\u00f3n con una de las econom\u00edas m\u00e1s importantes de Am\u00e9rica Latina.<br><br>En representaci\u00f3n del presidente municipal, Gaspar Trueba Moncada, los atendi\u00f3 el Secretario de Desarrollo Sustentable, Hugo Costa S\u00e1nchez, quien destac\u00f3 el inter\u00e9s de Col\u00f3n al consolidar al municipio como un destino atractivo para la inversi\u00f3n extranjera y el intercambio comercial.<br><br>\u201cEste tipo de encuentros responden a la pol\u00edtica de apertura y desarrollo que impulsa Gaspar Trueba Moncada: mostrar el potencial productivo de Col\u00f3n y generar v\u00ednculos que se traduzcan en empleo y crecimiento para nuestra gente\u201d, se\u00f1al\u00f3 el funcionario municipal.<br><br>En este encuentro, particip\u00f3 el\u00a0Presidente Nacional de la C\u00e1mara de Comercio M\u00e9xico-Brasil\u00a0(CAMEBRA), Miguel Ruiz, acompa\u00f1ado de la CEO, Juliana de Oliveira.<br><br>Como parte del congreso, artesanas y artesanos colonenses participaron con una muestra de sus productos, promoviendo el trabajo art\u00edstico local ante empresarios brasile\u00f1os. La exhibici\u00f3n permiti\u00f3 presentar la riqueza cultural del municipio y explorar oportunidades de comercializaci\u00f3n internacional para el sector artesanal.<br><br>Este acercamiento tuvo como eje central fortalecer la colaboraci\u00f3n internacional, atraer inversi\u00f3n y detonar proyectos de desarrollo econ\u00f3mico para la regi\u00f3n.<br><br>La presencia de la C\u00e1mara de Empresarios de Brasil en Col\u00f3n marca un paso firme en la estrategia de internacionalizaci\u00f3n trazada por el Alcalde Gaspar Trueba, al vincular directamente a productores y creadores locales con el mercado sudamericano.<br><br>Durante este evento, asistieron los dirigentes estatales de la CANACO y CANACINTRA, Ren\u00e9 Jourd\u00e1n Poletti y Alfredo Sahag\u00fan S\u00e1nchez, respectivamente; as\u00ed como el Director de Turismo de Col\u00f3n, Enrique Hern\u00e1ndez Hern\u00e1ndez.<br><br>.<br>@Municipio de Col\u00f3n <br>@gobiernodecolon<br>@turismo.colonqro<br>@Gaspar Trueba <br>@gaspartrueba <br>@gaspar.trueba <br>@Elena Arreguin <br>@elena_arreguin_ <br>@destacar<br>@compartir<br>@seguidores<br>@followers<br>@Al mill\u00f3n y m\u00e1s <br>@almillonymas<br>@Quer\u00e9taro Vive Con Famosos <br>@queretaroviveconfamosos<br><br>#Colon <br>#GasparTrueba<br>#QueretaroViveConFamosos<br>#AlMillonYMas<br>#Viral<br>#ViralTikTok <br>#Destacar<br>#Compartir<br>#Seguidores<br>#Followers<br>#EnVivo<br>#UltimasNoticias<br>#Mexico<br>#Queretaro<br><\/p>\n","protected":false},"excerpt":{"rendered":"<p>Con el respaldo y la visi\u00f3n del Alcalde Gaspar Trueba Moncada para posicionar a Col\u00f3n en el escenario internacional, el municipio fue sede del Congreso<\/p>\n","protected":false},"author":1,"featured_media":2625,"comment_status":"open","ping_status":"open","sticky":true,"template":"","format":"standard","meta":{"_monsterinsights_skip_tracking":false,"_monsterinsights_sitenote_active":false,"_monsterinsights_sitenote_note":"","_monsterinsights_sitenote_category":0,"_jetpack_memberships_contains_paid_content":false,"footnotes":"","jetpack_publicize_message":"","jetpack_publicize_feature_enabled":true,"jetpack_social_post_already_shared":true,"jetpack_social_options":{"image_generator_settings":{"template":"highway","default_image_id":0,"font":"","enabled":false},"version":2}},"categories":[4,6,15,5],"tags":[],"class_list":["post-2626","post","type-post","status-publish","format-standard","has-post-thumbnail","hentry","category-colon","category-gaspar-trueba","category-municipios-de-queretaro","category-politica"],"jetpack_publicize_connections":[],"jetpack_featured_media_url":"https:\/\/queretaroviveconfamosos.com\/wp-content\/uploads\/2026\/04\/IMG-20260424-WA0154-scaled.jpg","jetpack_sharing_enabled":true,"_links":{"self":[{"href":"https:\/\/queretaroviveconfamosos.com\/index.php?rest_route=\/wp\/v2\/posts\/2626","targetHints":{"allow":["GET"]}}],"collection":[{"href":"https:\/\/queretaroviveconfamosos.com\/index.php?rest_route=\/wp\/v2\/posts"}],"about":[{"href":"https:\/\/queretaroviveconfamosos.com\/index.php?rest_route=\/wp\/v2\/types\/post"}],"author":[{"embeddable":true,"href":"https:\/\/queretaroviveconfamosos.com\/index.php?rest_route=\/wp\/v2\/users\/1"}],"replies":[{"embeddable":true,"href":"https:\/\/queretaroviveconfamosos.com\/index.php?rest_route=%2Fwp%2Fv2%2Fcomments&post=2626"}],"version-history":[{"count":0,"href":"https:\/\/queretaroviveconfamosos.com\/index.php?rest_route=\/wp\/v2\/posts\/2626\/revisions"}],"wp:featuredmedia":[{"embeddable":true,"href":"https:\/\/queretaroviveconfamosos.com\/index.php?rest_route=\/wp\/v2\/media\/2625"}],"wp:attachment":[{"href":"https:\/\/queretaroviveconfamosos.com\/index.php?rest_route=%2Fwp%2Fv2%2Fmedia&parent=2626"}],"wp:term":[{"taxonomy":"category","embeddable":true,"href":"https:\/\/queretaroviveconfamosos.com\/index.php?rest_route=%2Fwp%2Fv2%2Fcategories&post=2626"},{"taxonomy":"post_tag","embeddable":true,"href":"https:\/\/queretaroviveconfamosos.com\/index.php?rest_route=%2Fwp%2Fv2%2Ftags&post=2626"}],"curies":[{"name":"wp","href":"https:\/\/api.w.org\/{rel}","templated":true}]}}