{"id":2619,"date":"2026-04-24T19:53:00","date_gmt":"2026-04-25T01:53:00","guid":{"rendered":"https:\/\/queretaroviveconfamosos.com\/?p=2619"},"modified":"2026-04-24T19:53:00","modified_gmt":"2026-04-25T01:53:00","slug":"pedro-escobedo-fortalece-el-orden-y-la-justicia-civica-con-la-construccion-de-nuevos-juzgados-civicos","status":"publish","type":"post","link":"https:\/\/queretaroviveconfamosos.com\/?p=2619","title":{"rendered":"Pedro Escobedo fortalece el orden y la justicia c\u00edvica con la construcci\u00f3n de nuevos juzgados c\u00edvicos."},"content":{"rendered":"\n<p>Con el objetivo de fortalecer la cultura de la legalidad, mejorar la impartici\u00f3n de justicia administrativa y brindar espacios dignos para la atenci\u00f3n de faltas c\u00edvicas, el municipio de Pedro Escobedo avanza en la construcci\u00f3n del nuevo Juzgado C\u00edvico en la cabecera municipal.<br><br>Esta obra, impulsada por la administraci\u00f3n que encabeza el presidente municipal Beto Nava, representa un paso firme hacia la consolidaci\u00f3n de un modelo de justicia m\u00e1s cercano, eficiente y con pleno respeto a los derechos humanos.<br><br>El proyecto contempla la construcci\u00f3n de un espacio integral con una superficie total de 194 metros cuadrados, dise\u00f1ado para garantizar procesos ordenados, transparentes y funcionales. <br><br>Entre sus componentes destacan una sala de juicios orales, \u00e1reas de recepci\u00f3n, oficina administrativa, enfermer\u00eda, as\u00ed como espacios diferenciados para la detenci\u00f3n de personas, incluyendo celdas para hombres, mujeres y menores de edad, adem\u00e1s de sanitarios y \u00e1rea de recepci\u00f3n de detenidos<br><br><br>Con una inversi\u00f3n cien por ciento municipal, esta obra beneficiar\u00e1 de manera directa a m\u00e1s de 77 mil habitantes, al fortalecer la capacidad institucional para atender faltas administrativas de manera \u00e1gil, ordenada y con apego a la normatividad vigente.<br><br>La construcci\u00f3n de estos nuevos juzgados c\u00edvicos permitir\u00e1 mejorar la operaci\u00f3n del sistema de justicia c\u00edvica en el municipio, privilegiando la mediaci\u00f3n, la resoluci\u00f3n pac\u00edfica de conflictos y la aplicaci\u00f3n de sanciones con enfoque preventivo, contribuyendo as\u00ed a la reconstrucci\u00f3n del tejido social.<br><br>Con acciones como esta, el gobierno municipal reafirma su compromiso de construir un Pedro Escobedo m\u00e1s ordenado, seguro y con instituciones s\u00f3lidas al servicio de la ciudadan\u00eda, donde la justicia cotidiana se atienda con responsabilidad, cercan\u00eda y eficacia.<br><br><br>.<br>@Municipio de Pedro Escobedo <br>@pedroescobedompio <br>@Beto Nava <br>@betonavacz <br>@destacar<br>@compartir<br>@seguidores<br>@followers<br>@Al mill\u00f3n y m\u00e1s <br>@almillonymas<br>@Quer\u00e9taro Vive Con Famosos <br>@queretaroviveconfamosos <br><br><br>#PedroEscobedo<br>#JuanAlbertoNavaCruz<br>#QueretaroViveConFamosos<br>#AlMillonYMas<br>#Viral<br>#ViralTikTok<br>#Destacar<br>#Compartir<br>#Seguidores<br>#Followers<br>#EnVivo<br>#UltimasNoticias<br>#Mexico<br>#Queretaro<br><\/p>\n","protected":false},"excerpt":{"rendered":"<p>Con el objetivo de fortalecer la cultura de la legalidad, mejorar la impartici\u00f3n de justicia administrativa y brindar espacios dignos para la atenci\u00f3n de faltas<\/p>\n","protected":false},"author":1,"featured_media":2618,"comment_status":"open","ping_status":"open","sticky":true,"template":"","format":"standard","meta":{"_monsterinsights_skip_tracking":false,"_monsterinsights_sitenote_active":false,"_monsterinsights_sitenote_note":"","_monsterinsights_sitenote_category":0,"_jetpack_memberships_contains_paid_content":false,"footnotes":"","jetpack_publicize_message":"","jetpack_publicize_feature_enabled":true,"jetpack_social_post_already_shared":true,"jetpack_social_options":{"image_generator_settings":{"template":"highway","default_image_id":0,"font":"","enabled":false},"version":2}},"categories":[24,15,23,5],"tags":[],"class_list":["post-2619","post","type-post","status-publish","format-standard","has-post-thumbnail","hentry","category-beto-nava","category-municipios-de-queretaro","category-pedro-escobedo","category-politica"],"jetpack_publicize_connections":[],"jetpack_featured_media_url":"https:\/\/queretaroviveconfamosos.com\/wp-content\/uploads\/2026\/04\/IMG-20260424-WA0106.jpg","jetpack_sharing_enabled":true,"_links":{"self":[{"href":"https:\/\/queretaroviveconfamosos.com\/index.php?rest_route=\/wp\/v2\/posts\/2619","targetHints":{"allow":["GET"]}}],"collection":[{"href":"https:\/\/queretaroviveconfamosos.com\/index.php?rest_route=\/wp\/v2\/posts"}],"about":[{"href":"https:\/\/queretaroviveconfamosos.com\/index.php?rest_route=\/wp\/v2\/types\/post"}],"author":[{"embeddable":true,"href":"https:\/\/queretaroviveconfamosos.com\/index.php?rest_route=\/wp\/v2\/users\/1"}],"replies":[{"embeddable":true,"href":"https:\/\/queretaroviveconfamosos.com\/index.php?rest_route=%2Fwp%2Fv2%2Fcomments&post=2619"}],"version-history":[{"count":0,"href":"https:\/\/queretaroviveconfamosos.com\/index.php?rest_route=\/wp\/v2\/posts\/2619\/revisions"}],"wp:featuredmedia":[{"embeddable":true,"href":"https:\/\/queretaroviveconfamosos.com\/index.php?rest_route=\/wp\/v2\/media\/2618"}],"wp:attachment":[{"href":"https:\/\/queretaroviveconfamosos.com\/index.php?rest_route=%2Fwp%2Fv2%2Fmedia&parent=2619"}],"wp:term":[{"taxonomy":"category","embeddable":true,"href":"https:\/\/queretaroviveconfamosos.com\/index.php?rest_route=%2Fwp%2Fv2%2Fcategories&post=2619"},{"taxonomy":"post_tag","embeddable":true,"href":"https:\/\/queretaroviveconfamosos.com\/index.php?rest_route=%2Fwp%2Fv2%2Ftags&post=2619"}],"curies":[{"name":"wp","href":"https:\/\/api.w.org\/{rel}","templated":true}]}}