{"id":2613,"date":"2026-04-24T12:33:37","date_gmt":"2026-04-24T18:33:37","guid":{"rendered":"https:\/\/queretaroviveconfamosos.com\/?p=2613"},"modified":"2026-04-24T12:33:37","modified_gmt":"2026-04-24T18:33:37","slug":"en-urecho-fue-asegurado-un-menor-de-edad-por-delitos-contra-la-salud","status":"publish","type":"post","link":"https:\/\/queretaroviveconfamosos.com\/?p=2613","title":{"rendered":"En Urecho fue Asegurado un Menor de Edad por Delitos Contra la Salud"},"content":{"rendered":"\n<p>Durante los recorridos de seguridad focalizados en el camino suburbano de la comunidad de Urecho con direcci\u00f3n a Tequisquiapan, elementos de la Secretar\u00eda de Seguridad y Protecci\u00f3n Ciudadana, realizaron el aseguramiento de un menor de edad, qui\u00e9n dijo llamarse Luis \u00abN\u00bb.<br><br>Al momento se le encontr\u00f3 que tra\u00eda consigo varias bolsas de pl\u00e1stico que en su interior contienen sustancia con caracter\u00edsticas similares a la mentafetamina conocida como \u00abcristal\u00bb.<br><br>Por lo anterior, al masculino se le leyeron sus derechos constitucionales que le asisten como persona detenida, fue traslado y puesto a disposici\u00f3n ante la autoridad competente para su seguimiento correspondiente en la&nbsp; Unidad Especializada en Justicia para Adolescentes de la Fiscal\u00eda General del Estado de Quer\u00e9taro.<br><br>.<br>@Municipio de Col\u00f3n <br>@gobiernodecolon<br>@turismo.colonqro<br>@Gaspar Trueba <br>@gaspartrueba <br>@gaspar.trueba <br>@Elena Arreguin <br>@elena_arreguin_ <br>@destacar<br>@compartir<br>@seguidores<br>@followers<br>@Al mill\u00f3n y m\u00e1s <br>@almillonymas<br>@Quer\u00e9taro Vive Con Famosos <br>@queretaroviveconfamosos<br><br>#Colon <br>#GasparTrueba<br>#QueretaroViveConFamosos<br>#AlMillonYMas<br>#Viral<br>#ViralTikTok <br>#Destacar<br>#Compartir<br>#Seguidores<br>#Followers<br>#EnVivo<br>#UltimasNoticias<br>#Mexico<br>#Queretaro<br><\/p>\n","protected":false},"excerpt":{"rendered":"<p>Durante los recorridos de seguridad focalizados en el camino suburbano de la comunidad de Urecho con direcci\u00f3n a Tequisquiapan, elementos de la Secretar\u00eda de Seguridad<\/p>\n","protected":false},"author":1,"featured_media":2612,"comment_status":"open","ping_status":"open","sticky":true,"template":"","format":"standard","meta":{"_monsterinsights_skip_tracking":false,"_monsterinsights_sitenote_active":false,"_monsterinsights_sitenote_note":"","_monsterinsights_sitenote_category":0,"_jetpack_memberships_contains_paid_content":false,"footnotes":"","jetpack_publicize_message":"","jetpack_publicize_feature_enabled":true,"jetpack_social_post_already_shared":true,"jetpack_social_options":{"image_generator_settings":{"template":"highway","default_image_id":0,"font":"","enabled":false},"version":2}},"categories":[4,6,15,5],"tags":[],"class_list":["post-2613","post","type-post","status-publish","format-standard","has-post-thumbnail","hentry","category-colon","category-gaspar-trueba","category-municipios-de-queretaro","category-politica"],"jetpack_publicize_connections":[],"jetpack_featured_media_url":"https:\/\/queretaroviveconfamosos.com\/wp-content\/uploads\/2026\/04\/IMG-20260424-WA0053.jpg","jetpack_sharing_enabled":true,"_links":{"self":[{"href":"https:\/\/queretaroviveconfamosos.com\/index.php?rest_route=\/wp\/v2\/posts\/2613","targetHints":{"allow":["GET"]}}],"collection":[{"href":"https:\/\/queretaroviveconfamosos.com\/index.php?rest_route=\/wp\/v2\/posts"}],"about":[{"href":"https:\/\/queretaroviveconfamosos.com\/index.php?rest_route=\/wp\/v2\/types\/post"}],"author":[{"embeddable":true,"href":"https:\/\/queretaroviveconfamosos.com\/index.php?rest_route=\/wp\/v2\/users\/1"}],"replies":[{"embeddable":true,"href":"https:\/\/queretaroviveconfamosos.com\/index.php?rest_route=%2Fwp%2Fv2%2Fcomments&post=2613"}],"version-history":[{"count":0,"href":"https:\/\/queretaroviveconfamosos.com\/index.php?rest_route=\/wp\/v2\/posts\/2613\/revisions"}],"wp:featuredmedia":[{"embeddable":true,"href":"https:\/\/queretaroviveconfamosos.com\/index.php?rest_route=\/wp\/v2\/media\/2612"}],"wp:attachment":[{"href":"https:\/\/queretaroviveconfamosos.com\/index.php?rest_route=%2Fwp%2Fv2%2Fmedia&parent=2613"}],"wp:term":[{"taxonomy":"category","embeddable":true,"href":"https:\/\/queretaroviveconfamosos.com\/index.php?rest_route=%2Fwp%2Fv2%2Fcategories&post=2613"},{"taxonomy":"post_tag","embeddable":true,"href":"https:\/\/queretaroviveconfamosos.com\/index.php?rest_route=%2Fwp%2Fv2%2Ftags&post=2613"}],"curies":[{"name":"wp","href":"https:\/\/api.w.org\/{rel}","templated":true}]}}