{"id":2611,"date":"2026-04-24T10:45:40","date_gmt":"2026-04-24T16:45:40","guid":{"rendered":"https:\/\/queretaroviveconfamosos.com\/?p=2611"},"modified":"2026-04-24T10:45:40","modified_gmt":"2026-04-24T16:45:40","slug":"luis-angel-el-flaco-se-presenta-en-ezequiel-montes","status":"publish","type":"post","link":"https:\/\/queretaroviveconfamosos.com\/?p=2611","title":{"rendered":"Luis Angel &#8216;El Flaco&#8217; se presenta en Ezequiel Montes."},"content":{"rendered":"\n<p>Este mi\u00e9rcoles 22 de abril se presento Luis Angel &#8216;El Flaco&#8217; en la feria Ezequiel Montes 2026.<br><br>El cantante del regional mexicano originario de Mazatl\u00e1n, Sinaloa arribo al recinto ferial para culminar con las actividades del d\u00eda y ofrecer su concierto.<br><br>Durante esta presentaci\u00f3n El Flaco pudo presentar varios de sus temas como son \u00abEl que te am\u00f3\u00bb, \u00abY si se quiere ir\u00bb y mas de sus temas que pusieron el ambiente.<br><br>.<br>@Luis Angel \u00abEl Flaco\u00bb<br>@luisangelelflaco<br>@luisangelelflaco1<br>@larmusicoficial <br>@503 Music<br>@503musicoficial <br>@juanjobetancourt <br>@UG MUSIC <br>@Feria Ezequiel Montes 2026<br>@Gobierno Municipal de Ezequiel Montes <br>@gobiernoezequielmontes <br>@Iv\u00e1n Res\u00e9ndiz Ram\u00edrez <br>@ing_ivan_resendiz <br>@_ivannaelizabeth_<br>@destacar<br>@compartir<br>@seguidores<br>@followers<br>@Al mill\u00f3n y m\u00e1s <br>@almillonymas<br>@Quer\u00e9taro Vive Con Famosos <br>@queretaroviveconfamosos <br><br><br>#LuisAngelElFlaco<br>#EzequielMontes<br>#IvanResendiz<br>#QueretaroViveConFamosos<br>#AlMillonYMas<br>#Regional <br>#RegionalMexicano <br>#Viral <br>#ViralTikTok<br>#Destacar<br>#Compartir<br>#Seguidores<br>#Followers<br>#EnVivo<br>#UltimasNoticias<br>#22Abril2026<br>#Miercoles22Abril2026<br>#Mexico<br>#Queretaro<\/p>\n","protected":false},"excerpt":{"rendered":"<p>Este mi\u00e9rcoles 22 de abril se presento Luis Angel &#8216;El Flaco&#8217; en la feria Ezequiel Montes 2026. El cantante del regional mexicano originario de Mazatl\u00e1n,<\/p>\n","protected":false},"author":1,"featured_media":2610,"comment_status":"open","ping_status":"open","sticky":true,"template":"","format":"standard","meta":{"_monsterinsights_skip_tracking":false,"_monsterinsights_sitenote_active":false,"_monsterinsights_sitenote_note":"","_monsterinsights_sitenote_category":0,"_jetpack_memberships_contains_paid_content":false,"footnotes":"","jetpack_publicize_message":"","jetpack_publicize_feature_enabled":true,"jetpack_social_post_already_shared":true,"jetpack_social_options":{"image_generator_settings":{"template":"highway","default_image_id":0,"font":"","enabled":false},"version":2}},"categories":[30,13,7,14,8,452,15],"tags":[],"class_list":["post-2611","post","type-post","status-publish","format-standard","has-post-thumbnail","hentry","category-concierto","category-espectaculos","category-ezequiel-montes","category-ferias","category-ivan-resendiz","category-luis-angel-el-flaco","category-municipios-de-queretaro"],"jetpack_publicize_connections":[],"jetpack_featured_media_url":"https:\/\/queretaroviveconfamosos.com\/wp-content\/uploads\/2026\/04\/IMG-20260424-WA0031.jpg","jetpack_sharing_enabled":true,"_links":{"self":[{"href":"https:\/\/queretaroviveconfamosos.com\/index.php?rest_route=\/wp\/v2\/posts\/2611","targetHints":{"allow":["GET"]}}],"collection":[{"href":"https:\/\/queretaroviveconfamosos.com\/index.php?rest_route=\/wp\/v2\/posts"}],"about":[{"href":"https:\/\/queretaroviveconfamosos.com\/index.php?rest_route=\/wp\/v2\/types\/post"}],"author":[{"embeddable":true,"href":"https:\/\/queretaroviveconfamosos.com\/index.php?rest_route=\/wp\/v2\/users\/1"}],"replies":[{"embeddable":true,"href":"https:\/\/queretaroviveconfamosos.com\/index.php?rest_route=%2Fwp%2Fv2%2Fcomments&post=2611"}],"version-history":[{"count":0,"href":"https:\/\/queretaroviveconfamosos.com\/index.php?rest_route=\/wp\/v2\/posts\/2611\/revisions"}],"wp:featuredmedia":[{"embeddable":true,"href":"https:\/\/queretaroviveconfamosos.com\/index.php?rest_route=\/wp\/v2\/media\/2610"}],"wp:attachment":[{"href":"https:\/\/queretaroviveconfamosos.com\/index.php?rest_route=%2Fwp%2Fv2%2Fmedia&parent=2611"}],"wp:term":[{"taxonomy":"category","embeddable":true,"href":"https:\/\/queretaroviveconfamosos.com\/index.php?rest_route=%2Fwp%2Fv2%2Fcategories&post=2611"},{"taxonomy":"post_tag","embeddable":true,"href":"https:\/\/queretaroviveconfamosos.com\/index.php?rest_route=%2Fwp%2Fv2%2Ftags&post=2611"}],"curies":[{"name":"wp","href":"https:\/\/api.w.org\/{rel}","templated":true}]}}