{"id":2609,"date":"2026-04-24T10:24:39","date_gmt":"2026-04-24T16:24:39","guid":{"rendered":"https:\/\/queretaroviveconfamosos.com\/?p=2609"},"modified":"2026-04-24T10:24:39","modified_gmt":"2026-04-24T16:24:39","slug":"se-inaugura-la-feria-ezequiel-montes-2026","status":"publish","type":"post","link":"https:\/\/queretaroviveconfamosos.com\/?p=2609","title":{"rendered":"Se inaugura la feria Ezequiel Montes 2026"},"content":{"rendered":"\n<p>Este mi\u00e9rcoles 22 de abril se dio el acto protocolario para dar por inaugurada la feria Ezequiel Montes en su edici\u00f3n 2026.<br><br>Adem\u00e1s se dio la coronaci\u00f3n de Ivanna I como reina de la feria.<br><br>Una fecha donde inicia las celebraciones del municipio.<br><br>.<br>@Feria Ezequiel Montes 2026<br>@Gobierno Municipal de Ezequiel Montes <br>@gobiernoezequielmontes <br>@Iv\u00e1n Res\u00e9ndiz Ram\u00edrez <br>@ing_ivan_resendiz <br>@_ivannaelizabeth_<br>@destacar<br>@compartir<br>@seguidores<br>@followers<br>@Al mill\u00f3n y m\u00e1s <br>@almillonymas<br>@Quer\u00e9taro Vive Con Famosos <br>@queretaroviveconfamosos <br><br><br>#EzequielMontes<br>#IvanResendiz<br>#QueretaroViveConFamosos<br>#AlMillonYMas<br>#Viral <br>#ViralTikTok<br>#Destacar<br>#Compartir<br>#Seguidores<br>#Followers<br>#EnVivo<br>#UltimasNoticias<br>#22Abril2026<br>#Miercoles22Abril2026<br>#Mexico<br>#Queretaro<\/p>\n","protected":false},"excerpt":{"rendered":"<p>Este mi\u00e9rcoles 22 de abril se dio el acto protocolario para dar por inaugurada la feria Ezequiel Montes en su edici\u00f3n 2026. Adem\u00e1s se dio<\/p>\n","protected":false},"author":1,"featured_media":2608,"comment_status":"open","ping_status":"open","sticky":true,"template":"","format":"standard","meta":{"_monsterinsights_skip_tracking":false,"_monsterinsights_sitenote_active":false,"_monsterinsights_sitenote_note":"","_monsterinsights_sitenote_category":0,"_jetpack_memberships_contains_paid_content":false,"footnotes":"","jetpack_publicize_message":"","jetpack_publicize_feature_enabled":true,"jetpack_social_post_already_shared":true,"jetpack_social_options":{"image_generator_settings":{"template":"highway","default_image_id":0,"font":"","enabled":false},"version":2}},"categories":[7,8,15,5],"tags":[],"class_list":["post-2609","post","type-post","status-publish","format-standard","has-post-thumbnail","hentry","category-ezequiel-montes","category-ivan-resendiz","category-municipios-de-queretaro","category-politica"],"jetpack_publicize_connections":[],"jetpack_featured_media_url":"https:\/\/queretaroviveconfamosos.com\/wp-content\/uploads\/2026\/04\/IMG-20260424-WA0067.jpg","jetpack_sharing_enabled":true,"_links":{"self":[{"href":"https:\/\/queretaroviveconfamosos.com\/index.php?rest_route=\/wp\/v2\/posts\/2609","targetHints":{"allow":["GET"]}}],"collection":[{"href":"https:\/\/queretaroviveconfamosos.com\/index.php?rest_route=\/wp\/v2\/posts"}],"about":[{"href":"https:\/\/queretaroviveconfamosos.com\/index.php?rest_route=\/wp\/v2\/types\/post"}],"author":[{"embeddable":true,"href":"https:\/\/queretaroviveconfamosos.com\/index.php?rest_route=\/wp\/v2\/users\/1"}],"replies":[{"embeddable":true,"href":"https:\/\/queretaroviveconfamosos.com\/index.php?rest_route=%2Fwp%2Fv2%2Fcomments&post=2609"}],"version-history":[{"count":0,"href":"https:\/\/queretaroviveconfamosos.com\/index.php?rest_route=\/wp\/v2\/posts\/2609\/revisions"}],"wp:featuredmedia":[{"embeddable":true,"href":"https:\/\/queretaroviveconfamosos.com\/index.php?rest_route=\/wp\/v2\/media\/2608"}],"wp:attachment":[{"href":"https:\/\/queretaroviveconfamosos.com\/index.php?rest_route=%2Fwp%2Fv2%2Fmedia&parent=2609"}],"wp:term":[{"taxonomy":"category","embeddable":true,"href":"https:\/\/queretaroviveconfamosos.com\/index.php?rest_route=%2Fwp%2Fv2%2Fcategories&post=2609"},{"taxonomy":"post_tag","embeddable":true,"href":"https:\/\/queretaroviveconfamosos.com\/index.php?rest_route=%2Fwp%2Fv2%2Ftags&post=2609"}],"curies":[{"name":"wp","href":"https:\/\/api.w.org\/{rel}","templated":true}]}}