{"id":2604,"date":"2026-04-23T14:18:03","date_gmt":"2026-04-23T20:18:03","guid":{"rendered":"https:\/\/queretaroviveconfamosos.com\/?p=2604"},"modified":"2026-04-23T14:18:03","modified_gmt":"2026-04-23T20:18:03","slug":"celebra-jairo-morales-dia-del-libro-con-impulso-a-la-lectura","status":"publish","type":"post","link":"https:\/\/queretaroviveconfamosos.com\/?p=2604","title":{"rendered":"Celebra Jairo Morales \u201cD\u00eda del Libro\u201d con impulso a la lectura"},"content":{"rendered":"\n<p>El presidente municipal de Huimilpan, Jairo Morales Mart\u00ednez, encabez\u00f3 la conmemoraci\u00f3n del \u201cD\u00eda del Libro. Leer nos une\u201d, realizada en el municipio con la participaci\u00f3n de instituciones educativas y autoridades estatales, en una jornada orientada a fomentar la lectura, la creatividad y el acceso a la educaci\u00f3n entre ni\u00f1as, ni\u00f1os y j\u00f3venes.<br> <br>Durante el evento, se llevaron a cabo diversas actividades como la entrega de kits de libros a escuelas, la pinta de un mural inspirado en \u201cEl Principito\u201d con ni\u00f1as y ni\u00f1os difusores, as\u00ed como din\u00e1micas de libro viajero y una presentaci\u00f3n de cuentacuentos, generando un espacio de convivencia que acerc\u00f3 la lectura a la comunidad.<br> <br>En su intervenci\u00f3n, el alcalde destac\u00f3 que la promoci\u00f3n de la lectura es una herramienta fundamental para el desarrollo social y educativo del municipio, al fortalecer la formaci\u00f3n de nuevas generaciones con mayores oportunidades de crecimiento.<br> <br>\u201cLeer abre puertas, despierta la imaginaci\u00f3n y nos permite construir un mejor futuro. Hoy en Huimilpan estamos apostando por la educaci\u00f3n como la base del desarrollo, acercando libros y generando espacios donde nuestras ni\u00f1as y ni\u00f1os puedan aprender y so\u00f1ar en grande\u201d, expres\u00f3 Morales Mart\u00ednez.<br> <br>En el marco del evento, tambi\u00e9n particip\u00f3 el encargado de la Red de Bibliotecas del Estado, Josu\u00e9 Pablo Morales, quien resalt\u00f3 la importancia de impulsar acciones que acerquen los libros a la poblaci\u00f3n y fortalezcan el h\u00e1bito de la lectura desde edades tempranas.<br> <br>\u201cCada libro es una oportunidad de conocer nuevas ideas y transformar nuestra forma de ver el mundo. Estos esfuerzos permiten que m\u00e1s ni\u00f1as y ni\u00f1os tengan acceso a la lectura y encuentren en los libros un aliado para su desarrollo\u201d, se\u00f1al\u00f3 el representante estatal.<br> <br>La jornada incluy\u00f3 la participaci\u00f3n de directivos escolares, docentes y comunidad educativa, quienes se sumaron a las actividades promoviendo el gusto por la lectura como un elemento clave para el aprendizaje y la formaci\u00f3n integral.<br> <br>Finalmente, Jairo Morales reiter\u00f3 su compromiso de seguir impulsando pol\u00edticas p\u00fablicas que fortalezcan la educaci\u00f3n y la cultura en el municipio, consolidando acciones que acerquen el conocimiento a las familias y refuercen el desarrollo de Huimilpan a trav\u00e9s de la formaci\u00f3n de sus nuevas generaciones.<br><br>.<br>@Huimilpan Quer\u00e9taro.<br>@municipiodehuimilpan <br>@Jairo Morales <br>@jairomoralesmtz <br>@Karen Serv\u00edn <br>@karenservin.mx <br>@destacar<br>@compartir<br>@seguidores<br>@followers<br>@Al mill\u00f3n y m\u00e1s <br>@almillonymas<br>@Quer\u00e9taro Vive Con Famosos <br>@queretaroviveconfamosos <br><br><br>#Huimilpan<br>#TodoPorHuimilpan<br>#JairoMorales<br>#QueretaroViveConFamosos<br>#AlMillonYMas<br>#Viral<br>#ViralTikTok <br>#Destacar<br>#Compartir<br>#Seguidores<br>#Followers<br>#EnVivo<br>#UltimasNoticias<br>#Mexico<br>#Queretaro<br> <\/p>\n","protected":false},"excerpt":{"rendered":"<p>El presidente municipal de Huimilpan, Jairo Morales Mart\u00ednez, encabez\u00f3 la conmemoraci\u00f3n del \u201cD\u00eda del Libro. Leer nos une\u201d, realizada en el municipio con la participaci\u00f3n<\/p>\n","protected":false},"author":1,"featured_media":2603,"comment_status":"open","ping_status":"open","sticky":true,"template":"","format":"standard","meta":{"_monsterinsights_skip_tracking":false,"_monsterinsights_sitenote_active":false,"_monsterinsights_sitenote_note":"","_monsterinsights_sitenote_category":0,"_jetpack_memberships_contains_paid_content":false,"footnotes":"","jetpack_publicize_message":"","jetpack_publicize_feature_enabled":true,"jetpack_social_post_already_shared":true,"jetpack_social_options":{"image_generator_settings":{"template":"highway","default_image_id":0,"font":"","enabled":false},"version":2}},"categories":[112,111,15,5],"tags":[],"class_list":["post-2604","post","type-post","status-publish","format-standard","has-post-thumbnail","hentry","category-huimilpan","category-jairo-morales","category-municipios-de-queretaro","category-politica"],"jetpack_publicize_connections":[],"jetpack_featured_media_url":"https:\/\/queretaroviveconfamosos.com\/wp-content\/uploads\/2026\/04\/IMG-20260423-WA0053.jpg","jetpack_sharing_enabled":true,"_links":{"self":[{"href":"https:\/\/queretaroviveconfamosos.com\/index.php?rest_route=\/wp\/v2\/posts\/2604","targetHints":{"allow":["GET"]}}],"collection":[{"href":"https:\/\/queretaroviveconfamosos.com\/index.php?rest_route=\/wp\/v2\/posts"}],"about":[{"href":"https:\/\/queretaroviveconfamosos.com\/index.php?rest_route=\/wp\/v2\/types\/post"}],"author":[{"embeddable":true,"href":"https:\/\/queretaroviveconfamosos.com\/index.php?rest_route=\/wp\/v2\/users\/1"}],"replies":[{"embeddable":true,"href":"https:\/\/queretaroviveconfamosos.com\/index.php?rest_route=%2Fwp%2Fv2%2Fcomments&post=2604"}],"version-history":[{"count":0,"href":"https:\/\/queretaroviveconfamosos.com\/index.php?rest_route=\/wp\/v2\/posts\/2604\/revisions"}],"wp:featuredmedia":[{"embeddable":true,"href":"https:\/\/queretaroviveconfamosos.com\/index.php?rest_route=\/wp\/v2\/media\/2603"}],"wp:attachment":[{"href":"https:\/\/queretaroviveconfamosos.com\/index.php?rest_route=%2Fwp%2Fv2%2Fmedia&parent=2604"}],"wp:term":[{"taxonomy":"category","embeddable":true,"href":"https:\/\/queretaroviveconfamosos.com\/index.php?rest_route=%2Fwp%2Fv2%2Fcategories&post=2604"},{"taxonomy":"post_tag","embeddable":true,"href":"https:\/\/queretaroviveconfamosos.com\/index.php?rest_route=%2Fwp%2Fv2%2Ftags&post=2604"}],"curies":[{"name":"wp","href":"https:\/\/api.w.org\/{rel}","templated":true}]}}