{"id":2600,"date":"2026-04-22T16:24:26","date_gmt":"2026-04-22T22:24:26","guid":{"rendered":"https:\/\/queretaroviveconfamosos.com\/?p=2600"},"modified":"2026-04-22T16:24:26","modified_gmt":"2026-04-22T22:24:26","slug":"el-concierto-de-juntos-cambia-de-fecha-en-queretaro","status":"publish","type":"post","link":"https:\/\/queretaroviveconfamosos.com\/?p=2600","title":{"rendered":"El concierto de Juntos cambia de fecha en Quer\u00e9taro <br>"},"content":{"rendered":"\n<p>Este mi\u00e9rcoles 22 de abril se dio la rueda de prensa de Juntos en el Estadio Corregidora.<br><br>El d\u00fao del momento Jorge Medina y Josi Cuen con su gira \u00abLa M\u00e1quina del tiempo Tour\u00bb regresan a Quer\u00e9taro para cantar cada uno de los \u00e9xitos que tienen.<br><br>En esta rueda de prensa estuvieron presentes Andres Puente, director de eventos del Estado de Quer\u00e9taro; y Elio Perez, de la oficina de Juntos.<br><br>Uno de los avisos que dieron en esta rueda de prensa fue el cambio de fecha del concierto en Quer\u00e9taro, donde la nueva fecha es el s\u00e1bado 30 de abril en el Estadio Corregidora de Quer\u00e9taro.<br><br>Los boletos ya adquiridos seguir\u00e1n siendo v\u00e1lidos para esta nueva fecha.<br><br>Los boletos los puedes adquirir por el sistema de @superboletosmx <br>https:\/\/www.superboletos.com\/landing-evento\/UxUOgZXs_FS0ff7g7wutsg<br><br>.<br>@juntostouroficial <br>@Josi Cuen<br>@josicuenoficial<br>@Jorge Medina<br>@j_medina37 <br>@Roster Crew<br>@rostercrew.mx <br>@destacar<br>@compartir<br>@seguidores<br>@followers<br>@Al mill\u00f3n y m\u00e1s <br>@almillonymas <br>@Quer\u00e9taro Vive Con Famosos <br>@queretaroviveconfamosos <br><br>#Juntos<br>#JorgeMedina<br>#JosiCuen<br>#QueretaroViveConFamosos<br>#AlMillonYMas<br>#Regional <br>#RegionalMexicano <br>#Viral<br>#ViralTikTok <br>#Destacar<br>#Compartir<br>#Seguidores<br>#Followers<br>#EnVivo<br>#UltimasNoticias <br>#30Mayo2026<br>#Sabado30Mayo2026<br>#Mexico <br>#Queretaro<\/p>\n","protected":false},"excerpt":{"rendered":"<p>Este mi\u00e9rcoles 22 de abril se dio la rueda de prensa de Juntos en el Estadio Corregidora. El d\u00fao del momento Jorge Medina y Josi<\/p>\n","protected":false},"author":1,"featured_media":2599,"comment_status":"open","ping_status":"open","sticky":true,"template":"","format":"standard","meta":{"_monsterinsights_skip_tracking":false,"_monsterinsights_sitenote_active":false,"_monsterinsights_sitenote_note":"","_monsterinsights_sitenote_category":0,"_jetpack_memberships_contains_paid_content":false,"footnotes":"","jetpack_publicize_message":"","jetpack_publicize_feature_enabled":true,"jetpack_social_post_already_shared":true,"jetpack_social_options":{"image_generator_settings":{"template":"highway","default_image_id":0,"font":"","enabled":false},"version":2}},"categories":[30,13,27,28],"tags":[],"class_list":["post-2600","post","type-post","status-publish","format-standard","has-post-thumbnail","hentry","category-concierto","category-espectaculos","category-jorge-medina","category-josi-cuen"],"jetpack_publicize_connections":[],"jetpack_featured_media_url":"https:\/\/queretaroviveconfamosos.com\/wp-content\/uploads\/2026\/04\/IMG-20260422-WA0049.jpg","jetpack_sharing_enabled":true,"_links":{"self":[{"href":"https:\/\/queretaroviveconfamosos.com\/index.php?rest_route=\/wp\/v2\/posts\/2600","targetHints":{"allow":["GET"]}}],"collection":[{"href":"https:\/\/queretaroviveconfamosos.com\/index.php?rest_route=\/wp\/v2\/posts"}],"about":[{"href":"https:\/\/queretaroviveconfamosos.com\/index.php?rest_route=\/wp\/v2\/types\/post"}],"author":[{"embeddable":true,"href":"https:\/\/queretaroviveconfamosos.com\/index.php?rest_route=\/wp\/v2\/users\/1"}],"replies":[{"embeddable":true,"href":"https:\/\/queretaroviveconfamosos.com\/index.php?rest_route=%2Fwp%2Fv2%2Fcomments&post=2600"}],"version-history":[{"count":0,"href":"https:\/\/queretaroviveconfamosos.com\/index.php?rest_route=\/wp\/v2\/posts\/2600\/revisions"}],"wp:featuredmedia":[{"embeddable":true,"href":"https:\/\/queretaroviveconfamosos.com\/index.php?rest_route=\/wp\/v2\/media\/2599"}],"wp:attachment":[{"href":"https:\/\/queretaroviveconfamosos.com\/index.php?rest_route=%2Fwp%2Fv2%2Fmedia&parent=2600"}],"wp:term":[{"taxonomy":"category","embeddable":true,"href":"https:\/\/queretaroviveconfamosos.com\/index.php?rest_route=%2Fwp%2Fv2%2Fcategories&post=2600"},{"taxonomy":"post_tag","embeddable":true,"href":"https:\/\/queretaroviveconfamosos.com\/index.php?rest_route=%2Fwp%2Fv2%2Ftags&post=2600"}],"curies":[{"name":"wp","href":"https:\/\/api.w.org\/{rel}","templated":true}]}}