{"id":2582,"date":"2026-04-20T12:50:53","date_gmt":"2026-04-20T18:50:53","guid":{"rendered":"https:\/\/queretaroviveconfamosos.com\/?p=2582"},"modified":"2026-04-20T12:50:53","modified_gmt":"2026-04-20T18:50:53","slug":"los-askis-celebran-su-30-aniversario-en-queretaro","status":"publish","type":"post","link":"https:\/\/queretaroviveconfamosos.com\/?p=2582","title":{"rendered":"Los Askis celebran su 30 aniversario en Quer\u00e9taro. <br>"},"content":{"rendered":"\n<p>El grupo originario de Mexico llego a Quer\u00e9taro el s\u00e1bado 18 de abril en el Sal\u00f3n del Sindicato de trabajadores.<br><br>En esta noche el grupo le dio el ritmo a los queretanos para tocar sus \u00e9xitos como son \u00abAmor regresa\u00bb, \u00abAy mi coraz\u00f3n\u00bb, \u00abMaldito vicio\u00bb y mas de tus temas.<br><br>.<br>@Los Askis Internacional <br>@askisinternacional<br>@josecortesibarra <br>@alanhidalgo_oficial <br>@rogelio_chato_sanchez <br>@saraviachileno <br>@pablo_curiel_ <br>@allivonun <br>@alancalatorre <br>@MIDI Producciones&nbsp; <br>@destacar<br>@compartir<br>@seguidores<br>@followers<br>@Al mill\u00f3n y m\u00e1s <br>@almillonymas<br>@Quer\u00e9taro Vive Con Famosos <br>@queretaroviveconfamosos <br><br><br>#LosAskis<br>#QueretaroViveConFamosos<br>#AlMillonYMas<br>#Regional<br>#RegionalMexicano<br>#Viral<br>#ViralTikTok<br>#Destacar<br>#Compartir<br>#Seguidores<br>#Followers<br>#EnVivo<br>#UltimasNoticias<br>#18Abril2026<br>#Sabado18Abril2026<br>#Mexico<br>#Queretaro<\/p>\n","protected":false},"excerpt":{"rendered":"<p>El grupo originario de Mexico llego a Quer\u00e9taro el s\u00e1bado 18 de abril en el Sal\u00f3n del Sindicato de trabajadores. En esta noche el grupo<\/p>\n","protected":false},"author":1,"featured_media":2581,"comment_status":"open","ping_status":"open","sticky":true,"template":"","format":"standard","meta":{"_monsterinsights_skip_tracking":false,"_monsterinsights_sitenote_active":false,"_monsterinsights_sitenote_note":"","_monsterinsights_sitenote_category":0,"_jetpack_memberships_contains_paid_content":false,"footnotes":"","jetpack_publicize_message":"","jetpack_publicize_feature_enabled":true,"jetpack_social_post_already_shared":true,"jetpack_social_options":{"image_generator_settings":{"template":"highway","default_image_id":0,"font":"","enabled":false},"version":2}},"categories":[450,30,13],"tags":[],"class_list":["post-2582","post","type-post","status-publish","format-standard","has-post-thumbnail","hentry","category-askis","category-concierto","category-espectaculos"],"jetpack_publicize_connections":[],"jetpack_featured_media_url":"https:\/\/queretaroviveconfamosos.com\/wp-content\/uploads\/2026\/04\/IMG-20260420-WA0035.jpg","jetpack_sharing_enabled":true,"_links":{"self":[{"href":"https:\/\/queretaroviveconfamosos.com\/index.php?rest_route=\/wp\/v2\/posts\/2582","targetHints":{"allow":["GET"]}}],"collection":[{"href":"https:\/\/queretaroviveconfamosos.com\/index.php?rest_route=\/wp\/v2\/posts"}],"about":[{"href":"https:\/\/queretaroviveconfamosos.com\/index.php?rest_route=\/wp\/v2\/types\/post"}],"author":[{"embeddable":true,"href":"https:\/\/queretaroviveconfamosos.com\/index.php?rest_route=\/wp\/v2\/users\/1"}],"replies":[{"embeddable":true,"href":"https:\/\/queretaroviveconfamosos.com\/index.php?rest_route=%2Fwp%2Fv2%2Fcomments&post=2582"}],"version-history":[{"count":0,"href":"https:\/\/queretaroviveconfamosos.com\/index.php?rest_route=\/wp\/v2\/posts\/2582\/revisions"}],"wp:featuredmedia":[{"embeddable":true,"href":"https:\/\/queretaroviveconfamosos.com\/index.php?rest_route=\/wp\/v2\/media\/2581"}],"wp:attachment":[{"href":"https:\/\/queretaroviveconfamosos.com\/index.php?rest_route=%2Fwp%2Fv2%2Fmedia&parent=2582"}],"wp:term":[{"taxonomy":"category","embeddable":true,"href":"https:\/\/queretaroviveconfamosos.com\/index.php?rest_route=%2Fwp%2Fv2%2Fcategories&post=2582"},{"taxonomy":"post_tag","embeddable":true,"href":"https:\/\/queretaroviveconfamosos.com\/index.php?rest_route=%2Fwp%2Fv2%2Ftags&post=2582"}],"curies":[{"name":"wp","href":"https:\/\/api.w.org\/{rel}","templated":true}]}}