{"id":2562,"date":"2026-04-17T14:37:48","date_gmt":"2026-04-17T20:37:48","guid":{"rendered":"https:\/\/queretaroviveconfamosos.com\/?p=2562"},"modified":"2026-04-17T14:37:48","modified_gmt":"2026-04-17T20:37:48","slug":"d-mente-regresa-a-queretaro","status":"publish","type":"post","link":"https:\/\/queretaroviveconfamosos.com\/?p=2562","title":{"rendered":"D&#8217; Mente regresa a Quer\u00e9taro."},"content":{"rendered":"\n<p>Este jueves 16 de abril se present\u00f3 el mon\u00f3logo \u00abD&#8217;Mente\u00bb en el Teatro del IMSS de Quer\u00e9taro.<br><br>El mon\u00f3logo interpretado por el actor mexicano Ari Telch regreso a Quer\u00e9taro despu\u00e9s de 2 a\u00f1os de ausencia.<br><br>En esta obra Ari Telch nos dio un espacio de reflexi\u00f3n acerca de la salud mental de las personas.<br><br>Siendo una obra que ah recorrido varios escenarios a lo largo del pa\u00eds busca representar m\u00faltiples padecimientos mentales en diferentes escenarios.<br><br>Una de los objetivos principales de esta obra es que este tema se dialogue y se quede sin prejuicios ante la sociedad.<br><br>Los invitamos a asistir a las diferentes funciones de la obra que se presentar\u00e1 en varias ciudades de Mexico.<br><br>.<br>@dmenteteatro <br>@telchari <br>@jaguarnegrogroup <br>@Agencia Decibel <br>@agenciadecibel <br>@soyelirving <br>@de_reven <br>@destacar<br>@compartir<br>@seguidores<br>@followers<br>@Al mill\u00f3n y m\u00e1s <br>@almillonymas<br>@Quer\u00e9taro Vive Con Famosos <br>@queretaroviveconfamosos <br><br><br>#DMente<br>#AriTelch<br>#AgenciaDecibel <br>#QueretaroViveConFamosos<br>#AlMillonYMas<br>#Viral<br>#ViralTikTok <br>#Destacar<br>#Compartir<br>#Seguidores<br>#Followers<br>#EnVivo<br>#UltimasNoticias<br>#16Abril2026<br>#Jueves16Abril2026<br>#Mexico<br>#Queretaro<\/p>\n","protected":false},"excerpt":{"rendered":"<p>Este jueves 16 de abril se present\u00f3 el mon\u00f3logo \u00abD&#8217;Mente\u00bb en el Teatro del IMSS de Quer\u00e9taro. El mon\u00f3logo interpretado por el actor mexicano Ari<\/p>\n","protected":false},"author":1,"featured_media":2561,"comment_status":"open","ping_status":"open","sticky":true,"template":"","format":"standard","meta":{"_monsterinsights_skip_tracking":false,"_monsterinsights_sitenote_active":false,"_monsterinsights_sitenote_note":"","_monsterinsights_sitenote_category":0,"_jetpack_memberships_contains_paid_content":false,"footnotes":"","jetpack_publicize_message":"","jetpack_publicize_feature_enabled":true,"jetpack_social_post_already_shared":true,"jetpack_social_options":{"image_generator_settings":{"template":"highway","default_image_id":0,"font":"","enabled":false},"version":2}},"categories":[449,13],"tags":[],"class_list":["post-2562","post","type-post","status-publish","format-standard","has-post-thumbnail","hentry","category-ari-telch","category-espectaculos"],"jetpack_publicize_connections":[],"jetpack_featured_media_url":"https:\/\/queretaroviveconfamosos.com\/wp-content\/uploads\/2026\/04\/IMG-20260417-WA0047.jpg","jetpack_sharing_enabled":true,"_links":{"self":[{"href":"https:\/\/queretaroviveconfamosos.com\/index.php?rest_route=\/wp\/v2\/posts\/2562","targetHints":{"allow":["GET"]}}],"collection":[{"href":"https:\/\/queretaroviveconfamosos.com\/index.php?rest_route=\/wp\/v2\/posts"}],"about":[{"href":"https:\/\/queretaroviveconfamosos.com\/index.php?rest_route=\/wp\/v2\/types\/post"}],"author":[{"embeddable":true,"href":"https:\/\/queretaroviveconfamosos.com\/index.php?rest_route=\/wp\/v2\/users\/1"}],"replies":[{"embeddable":true,"href":"https:\/\/queretaroviveconfamosos.com\/index.php?rest_route=%2Fwp%2Fv2%2Fcomments&post=2562"}],"version-history":[{"count":0,"href":"https:\/\/queretaroviveconfamosos.com\/index.php?rest_route=\/wp\/v2\/posts\/2562\/revisions"}],"wp:featuredmedia":[{"embeddable":true,"href":"https:\/\/queretaroviveconfamosos.com\/index.php?rest_route=\/wp\/v2\/media\/2561"}],"wp:attachment":[{"href":"https:\/\/queretaroviveconfamosos.com\/index.php?rest_route=%2Fwp%2Fv2%2Fmedia&parent=2562"}],"wp:term":[{"taxonomy":"category","embeddable":true,"href":"https:\/\/queretaroviveconfamosos.com\/index.php?rest_route=%2Fwp%2Fv2%2Fcategories&post=2562"},{"taxonomy":"post_tag","embeddable":true,"href":"https:\/\/queretaroviveconfamosos.com\/index.php?rest_route=%2Fwp%2Fv2%2Ftags&post=2562"}],"curies":[{"name":"wp","href":"https:\/\/api.w.org\/{rel}","templated":true}]}}